{"id":18905,"date":"2025-02-14T14:31:03","date_gmt":"2025-02-14T11:31:03","guid":{"rendered":"https:\/\/www.egemtv.com\/?p=18905"},"modified":"2025-02-14T14:31:08","modified_gmt":"2025-02-14T11:31:08","slug":"485-yillik-festivalin-yeni-logosunu-halk-sececek","status":"publish","type":"post","link":"https:\/\/www.egemtv.com\/?p=18905","title":{"rendered":"485 y\u0131ll\u0131k festivalin yeni logosunu halk se\u00e7ecek"},"content":{"rendered":"<p>Manisa B\u00fcy\u00fck\u015fehir Belediyesi, kat\u0131l\u0131mc\u0131 y\u00f6netim anlay\u0131\u015f\u0131yla Manisal\u0131lar\u0131n g\u00f6r\u00fc\u015flerini almaya devam ediyor. Bu kapsamda, \u00fclkemizin en eski tarihi ve k\u00fclt\u00fcrel de\u011ferlerinden olan Uluslararas\u0131 Manisa Mesir Macunu Festivali\u2019nin 485. y\u0131l\u0131 i\u00e7in B\u00fcy\u00fck\u015fehir Belediyesi taraf\u0131ndan tasarlanan yeni logolardan hangisinin kullan\u0131laca\u011f\u0131, halk\u0131n oylar\u0131yla belirlenecek.<br \/>\n<br \/>Manisa B\u00fcy\u00fck\u015fehir Belediyesi\u2019nin resmi internet sitesinde 14 \u015eubat Cuma g\u00fcn\u00fc ba\u015flayacak ve 19 \u015eubat \u00c7ar\u015famba g\u00fcn\u00fc son bulacak ankette, vatanda\u015flara be\u015f farkl\u0131 logo se\u00e7ene\u011fi sunulacak. Manisal\u0131lar, be\u011fendikleri logoyu se\u00e7erek oy kullan\u0131p UNESCO \u0130nsanl\u0131\u011f\u0131n Somut Olmayan K\u00fclt\u00fcrel Miras\u0131n\u0131n Temsili Listesi\u2019nde de yer alan 485. Uluslararas\u0131 Manisa Mesir Macunu Festivali\u2019nin yeni logosunu belirleyecek.<\/p>\n<p>&#8220;Birlikte karar verece\u011fiz&#8221;<br \/>\n<br \/>Manisa B\u00fcy\u00fck\u015fehir Belediye Ba\u015fkan\u0131 Ferdi Zeyrek, kat\u0131l\u0131mc\u0131 y\u00f6netim anlay\u0131\u015f\u0131n\u0131n \u00f6nemini vurgulayarak, &#8220;Manisa\u2019y\u0131 ortak ak\u0131lla y\u00f6netiyoruz. Bildi\u011finiz gibi K\u0131rm\u0131z\u0131 Yol i\u00e7in de halk\u0131m\u0131za sormu\u015f, ankete kat\u0131lanlar\u0131n y\u00fczde 86\u2019s\u0131n\u0131n karar\u0131yla bu uygulamay\u0131 kald\u0131rm\u0131\u015ft\u0131k.  \u015eehrimizin en \u00f6nemli k\u00fclt\u00fcrel de\u011ferlerinden olan 485. Uluslararas\u0131 Manisa Mesir Macunu Festivali i\u00e7in tasarlad\u0131\u011f\u0131m\u0131z be\u015f farkl\u0131 logoyu da Manisal\u0131lar\u0131n be\u011fenisine sunarak birlikte karar verece\u011fiz&#8221; dedi.<br \/>\n<br \/>Manisal\u0131lar, 14 \u015eubat Cuma &#8211; 19 \u015eubat \u00c7ar\u015famba tarihleri aras\u0131nda www.manisa.bel.tr adresinde yay\u0131nlanacak ankete kat\u0131larak Festival\u2019in yeni logosunu belirleyebilir.<br \/><\/p>\n","protected":false},"excerpt":{"rendered":"<p>Manisa B\u00fcy\u00fck\u015fehir Belediyesi, kat\u0131l\u0131mc\u0131 y\u00f6netim anlay\u0131\u015f\u0131yla Manisal\u0131lar\u0131n g\u00f6r\u00fc\u015flerini almaya devam ediyor. Bu kapsamda, \u00fclkemizin en eski tarihi ve k\u00fclt\u00fcrel de\u011ferlerinden olan Uluslararas\u0131 Manisa Mesir Macunu Festivali\u2019nin 485. y\u0131l\u0131 i\u00e7in B\u00fcy\u00fck\u015fehir Belediyesi taraf\u0131ndan tasarlanan yeni logolardan hangisinin kullan\u0131laca\u011f\u0131, halk\u0131n oylar\u0131yla belirlenecek. Manisa B\u00fcy\u00fck\u015fehir Belediyesi\u2019nin resmi internet sitesinde 14 \u015eubat Cuma g\u00fcn\u00fc ba\u015flayacak ve 19 \u015eubat \u00c7ar\u015famba&#8230;<\/p>\n","protected":false},"author":1,"featured_media":18906,"comment_status":"open","ping_status":"open","sticky":false,"template":"","format":"standard","meta":{"_crdt_document":"","footnotes":""},"categories":[1],"tags":[],"class_list":["post-18905","post","type-post","status-publish","format-standard","has-post-thumbnail","hentry","category-guncel"],"_links":{"self":[{"href":"https:\/\/www.egemtv.com\/index.php?rest_route=\/wp\/v2\/posts\/18905","targetHints":{"allow":["GET"]}}],"collection":[{"href":"https:\/\/www.egemtv.com\/index.php?rest_route=\/wp\/v2\/posts"}],"about":[{"href":"https:\/\/www.egemtv.com\/index.php?rest_route=\/wp\/v2\/types\/post"}],"author":[{"embeddable":true,"href":"https:\/\/www.egemtv.com\/index.php?rest_route=\/wp\/v2\/users\/1"}],"replies":[{"embeddable":true,"href":"https:\/\/www.egemtv.com\/index.php?rest_route=%2Fwp%2Fv2%2Fcomments&post=18905"}],"version-history":[{"count":1,"href":"https:\/\/www.egemtv.com\/index.php?rest_route=\/wp\/v2\/posts\/18905\/revisions"}],"predecessor-version":[{"id":18907,"href":"https:\/\/www.egemtv.com\/index.php?rest_route=\/wp\/v2\/posts\/18905\/revisions\/18907"}],"wp:featuredmedia":[{"embeddable":true,"href":"https:\/\/www.egemtv.com\/index.php?rest_route=\/wp\/v2\/media\/18906"}],"wp:attachment":[{"href":"https:\/\/www.egemtv.com\/index.php?rest_route=%2Fwp%2Fv2%2Fmedia&parent=18905"}],"wp:term":[{"taxonomy":"category","embeddable":true,"href":"https:\/\/www.egemtv.com\/index.php?rest_route=%2Fwp%2Fv2%2Fcategories&post=18905"},{"taxonomy":"post_tag","embeddable":true,"href":"https:\/\/www.egemtv.com\/index.php?rest_route=%2Fwp%2Fv2%2Ftags&post=18905"}],"curies":[{"name":"wp","href":"https:\/\/api.w.org\/{rel}","templated":true}]}}