{"id":18902,"date":"2025-02-14T14:22:56","date_gmt":"2025-02-14T11:22:56","guid":{"rendered":"https:\/\/www.egemtv.com\/?p=18902"},"modified":"2025-02-14T14:23:00","modified_gmt":"2025-02-14T11:23:00","slug":"manavcilar-derneginin-eski-baskani-hayatini-kaybetti","status":"publish","type":"post","link":"https:\/\/www.egemtv.com\/?p=18902","title":{"rendered":"Manavc\u0131lar Derne\u011finin eski ba\u015fkan\u0131 hayat\u0131n\u0131 kaybetti"},"content":{"rendered":"<p>Manisa\u2019n\u0131n Sar\u0131g\u00f6l il\u00e7esinde Manavc\u0131lar Derne\u011fini kuran ve 4 d\u00f6nem ba\u015fkanl\u0131\u011f\u0131n\u0131 yapan Necati Uysal tedavi g\u00f6rd\u00fc\u011f\u00fc hastanede hayat\u0131n\u0131 kaybetti. Uysal, Cuma Namaz\u0131n\u0131 m\u00fcteakip k\u0131l\u0131nan cenaze namaz\u0131n\u0131n ard\u0131ndan Emcelli Mahallesinde topra\u011fa verildi.<br \/>\n<br \/>Sar\u0131g\u00f6l\u2019de ilk kez Manavc\u0131lar Derne\u011fini kurarak 4 d\u00f6nem dernek ba\u015fkanl\u0131\u011f\u0131n\u0131 y\u00fcr\u00fcten ve ge\u00e7ti\u011fimiz y\u0131llarda g\u00f6revini gen\u00e7lere devreden Necati Uysal, yakaland\u0131\u011f\u0131 amans\u0131z hastal\u0131k nedeniyle uzun s\u00fcredir tedavi g\u00f6r\u00fcyordu. D\u00fcn ak\u015fam saatlerinde tedavi g\u00f6rd\u00fc\u011f\u00fc hastanede hayat\u0131n\u0131 kaybeden Necati Uysal evli ve 2 \u00e7ocuk babas\u0131yd\u0131. Necati Uysal Sar\u0131g\u00f6l D\u0131\u015fkahveler Camisinde Cuma Namaz\u0131na m\u00fcteakip k\u0131l\u0131nan cenaze namaz\u0131n\u0131n ard\u0131ndan Emcelli Mezarl\u0131\u011f\u0131nda sevenlerinin dualar\u0131 ve g\u00f6zya\u015flar\u0131yla topra\u011fa verildi.<br \/><\/p>\n","protected":false},"excerpt":{"rendered":"<p>Manisa\u2019n\u0131n Sar\u0131g\u00f6l il\u00e7esinde Manavc\u0131lar Derne\u011fini kuran ve 4 d\u00f6nem ba\u015fkanl\u0131\u011f\u0131n\u0131 yapan Necati Uysal tedavi g\u00f6rd\u00fc\u011f\u00fc hastanede hayat\u0131n\u0131 kaybetti. Uysal, Cuma Namaz\u0131n\u0131 m\u00fcteakip k\u0131l\u0131nan cenaze namaz\u0131n\u0131n ard\u0131ndan Emcelli Mahallesinde topra\u011fa verildi. Sar\u0131g\u00f6l\u2019de ilk kez Manavc\u0131lar Derne\u011fini kurarak 4 d\u00f6nem dernek ba\u015fkanl\u0131\u011f\u0131n\u0131 y\u00fcr\u00fcten ve ge\u00e7ti\u011fimiz y\u0131llarda g\u00f6revini gen\u00e7lere devreden Necati Uysal, yakaland\u0131\u011f\u0131 amans\u0131z hastal\u0131k nedeniyle uzun s\u00fcredir&#8230;<\/p>\n","protected":false},"author":1,"featured_media":18903,"comment_status":"open","ping_status":"open","sticky":false,"template":"","format":"standard","meta":{"_crdt_document":"","footnotes":""},"categories":[123],"tags":[],"class_list":["post-18902","post","type-post","status-publish","format-standard","has-post-thumbnail","hentry","category-gundem"],"_links":{"self":[{"href":"https:\/\/www.egemtv.com\/index.php?rest_route=\/wp\/v2\/posts\/18902","targetHints":{"allow":["GET"]}}],"collection":[{"href":"https:\/\/www.egemtv.com\/index.php?rest_route=\/wp\/v2\/posts"}],"about":[{"href":"https:\/\/www.egemtv.com\/index.php?rest_route=\/wp\/v2\/types\/post"}],"author":[{"embeddable":true,"href":"https:\/\/www.egemtv.com\/index.php?rest_route=\/wp\/v2\/users\/1"}],"replies":[{"embeddable":true,"href":"https:\/\/www.egemtv.com\/index.php?rest_route=%2Fwp%2Fv2%2Fcomments&post=18902"}],"version-history":[{"count":1,"href":"https:\/\/www.egemtv.com\/index.php?rest_route=\/wp\/v2\/posts\/18902\/revisions"}],"predecessor-version":[{"id":18904,"href":"https:\/\/www.egemtv.com\/index.php?rest_route=\/wp\/v2\/posts\/18902\/revisions\/18904"}],"wp:featuredmedia":[{"embeddable":true,"href":"https:\/\/www.egemtv.com\/index.php?rest_route=\/wp\/v2\/media\/18903"}],"wp:attachment":[{"href":"https:\/\/www.egemtv.com\/index.php?rest_route=%2Fwp%2Fv2%2Fmedia&parent=18902"}],"wp:term":[{"taxonomy":"category","embeddable":true,"href":"https:\/\/www.egemtv.com\/index.php?rest_route=%2Fwp%2Fv2%2Fcategories&post=18902"},{"taxonomy":"post_tag","embeddable":true,"href":"https:\/\/www.egemtv.com\/index.php?rest_route=%2Fwp%2Fv2%2Ftags&post=18902"}],"curies":[{"name":"wp","href":"https:\/\/api.w.org\/{rel}","templated":true}]}}