{"id":18899,"date":"2025-02-14T13:57:51","date_gmt":"2025-02-14T10:57:51","guid":{"rendered":"https:\/\/www.egemtv.com\/?p=18899"},"modified":"2025-02-14T13:57:57","modified_gmt":"2025-02-14T10:57:57","slug":"nazillili-sozlesmeli-er-kazada-hayatini-kaybetti","status":"publish","type":"post","link":"https:\/\/www.egemtv.com\/?p=18899","title":{"rendered":"Nazillili S\u00f6zle\u015fmeli Er kazada hayat\u0131n\u0131 kaybetti"},"content":{"rendered":"<p>Bing\u00f6l\u2019de ya\u015fanan otob\u00fcs kazas\u0131n\u0131n ac\u0131s\u0131 Ayd\u0131n\u2019\u0131n Nazilli il\u00e7esine de d\u00fc\u015ferken, 5 ki\u015finin hayat\u0131n\u0131 kaybetti\u011fi kazada hayat\u0131n\u0131 kaybedenler aras\u0131nda Nazillili S\u00f6zle\u015fmeli Piyade Er Abdullah Kaya\u2019n\u0131n da bulundu\u011fu ortaya \u00e7\u0131kt\u0131.<br \/>\n<br \/>Edinilen bilgiye g\u00f6re, Ayd\u0131n\u2019\u0131n Nazilli il\u00e7esinde ya\u015fayan annesi Nevriye Bozkurt\u2019un yan\u0131nda ge\u00e7irdi\u011fi 7 g\u00fcnl\u00fck izninin ard\u0131ndan birli\u011fine gitmek \u00fczere yola \u00e7\u0131kan S\u00f6zle\u015fmeli Piyade Er Abdullah Kaya\u2019n\u0131n (27) seyahat etti\u011fi yolcu otob\u00fcs\u00fc Bing\u00f6l-Diyarbak\u0131r yolu \u00fczerinde Gen\u00e7 il\u00e7esi yak\u0131nlar\u0131nda s\u00fcr\u00fcc\u00fcs\u00fcn\u00fcn hen\u00fcz bilinmeyen bir sebeple direksiyon hakimiyetini kaybetmesi nedeniyle \u015farampole devrilmi\u015fti. Meydana gelen kazada ilk belirlemelere g\u00f6re 5 ki\u015fi hayat\u0131n\u0131 kaybetmi\u015f, 38 ki\u015fi ise yaralanmam\u0131\u015ft\u0131. \u00d6lenler aras\u0131nda bulunan S\u00f6zle\u015fmeli Piyade Er Abdullah Kaya\u2019n\u0131n vefat haberi memleketi Nazilli\u2019ye ula\u015ft\u0131. Ac\u0131 haber, S\u00f6zle\u015fmeli Piyade Er Abdullah Kaya\u2019n\u0131n Nazilli\u2019de ya\u015fayan annesi Nevriye Bozkurt\u2019a; Nazilli Kaymakam\u0131 Huriye K\u00fcpeli Kan, Nazilli Belediye Ba\u015fkan\u0131 Ertu\u011frul Tetik, \u0130l\u00e7e Jandarma Komutan\u0131 Y\u00fczba\u015f\u0131 Ahmet Refik \u00d6zsoy, Askerlik \u015eubesi Ba\u015fkan\u0131 Personel Astsubay K\u0131demli \u00dcst\u00e7avu\u015f B\u00fcnyamin A\u00e7\u0131kg\u00f6z ve beraberindekiler taraf\u0131ndan verildi.<\/p>\n<p>Ba\u015fkan Tetik taziye mesaj\u0131 yay\u0131mlad\u0131<br \/>\n<br \/>Nazilli Belediye Ba\u015fkan\u0131 Ertu\u011frul Tetik, ac\u0131 haberin ard\u0131ndan bir mesaj yay\u0131mlad\u0131. Tetik mesaj\u0131nda \u015fu ifadelere yer verdi:<br \/>\n<br \/>&#8220;Bing\u00f6l\u2019de yo\u011fun kar ya\u011f\u0131\u015f\u0131 sebebiyle \u015farampole devrilen yolcu otob\u00fcs\u00fcnde hayat\u0131n\u0131 kaybeden hem\u015ferimiz S\u00f6zle\u015fmeli Er Abdullah Kaya Allah\u2019tan rahmet, kederli ailesine ve t\u00fcm sevenlerine sab\u0131r diliyorum.&#8221;<br \/>\n<br \/>\u00d6te yandan, cenazenin ailenin memleketi olan Erzurum\u2019a g\u00f6nderilece\u011fi ve burada defnedilece\u011fi \u00f6\u011frenildi.<br \/><\/p>\n","protected":false},"excerpt":{"rendered":"<p>Bing\u00f6l\u2019de ya\u015fanan otob\u00fcs kazas\u0131n\u0131n ac\u0131s\u0131 Ayd\u0131n\u2019\u0131n Nazilli il\u00e7esine de d\u00fc\u015ferken, 5 ki\u015finin hayat\u0131n\u0131 kaybetti\u011fi kazada hayat\u0131n\u0131 kaybedenler aras\u0131nda Nazillili S\u00f6zle\u015fmeli Piyade Er Abdullah Kaya\u2019n\u0131n da bulundu\u011fu ortaya \u00e7\u0131kt\u0131. Edinilen bilgiye g\u00f6re, Ayd\u0131n\u2019\u0131n Nazilli il\u00e7esinde ya\u015fayan annesi Nevriye Bozkurt\u2019un yan\u0131nda ge\u00e7irdi\u011fi 7 g\u00fcnl\u00fck izninin ard\u0131ndan birli\u011fine gitmek \u00fczere yola \u00e7\u0131kan S\u00f6zle\u015fmeli Piyade Er Abdullah Kaya\u2019n\u0131n (27)&#8230;<\/p>\n","protected":false},"author":1,"featured_media":18900,"comment_status":"open","ping_status":"open","sticky":false,"template":"","format":"standard","meta":{"_crdt_document":"","footnotes":""},"categories":[5],"tags":[],"class_list":["post-18899","post","type-post","status-publish","format-standard","has-post-thumbnail","hentry","category-asayis"],"_links":{"self":[{"href":"https:\/\/www.egemtv.com\/index.php?rest_route=\/wp\/v2\/posts\/18899","targetHints":{"allow":["GET"]}}],"collection":[{"href":"https:\/\/www.egemtv.com\/index.php?rest_route=\/wp\/v2\/posts"}],"about":[{"href":"https:\/\/www.egemtv.com\/index.php?rest_route=\/wp\/v2\/types\/post"}],"author":[{"embeddable":true,"href":"https:\/\/www.egemtv.com\/index.php?rest_route=\/wp\/v2\/users\/1"}],"replies":[{"embeddable":true,"href":"https:\/\/www.egemtv.com\/index.php?rest_route=%2Fwp%2Fv2%2Fcomments&post=18899"}],"version-history":[{"count":1,"href":"https:\/\/www.egemtv.com\/index.php?rest_route=\/wp\/v2\/posts\/18899\/revisions"}],"predecessor-version":[{"id":18901,"href":"https:\/\/www.egemtv.com\/index.php?rest_route=\/wp\/v2\/posts\/18899\/revisions\/18901"}],"wp:featuredmedia":[{"embeddable":true,"href":"https:\/\/www.egemtv.com\/index.php?rest_route=\/wp\/v2\/media\/18900"}],"wp:attachment":[{"href":"https:\/\/www.egemtv.com\/index.php?rest_route=%2Fwp%2Fv2%2Fmedia&parent=18899"}],"wp:term":[{"taxonomy":"category","embeddable":true,"href":"https:\/\/www.egemtv.com\/index.php?rest_route=%2Fwp%2Fv2%2Fcategories&post=18899"},{"taxonomy":"post_tag","embeddable":true,"href":"https:\/\/www.egemtv.com\/index.php?rest_route=%2Fwp%2Fv2%2Ftags&post=18899"}],"curies":[{"name":"wp","href":"https:\/\/api.w.org\/{rel}","templated":true}]}}