{"id":18893,"date":"2025-02-14T13:42:54","date_gmt":"2025-02-14T10:42:54","guid":{"rendered":"https:\/\/www.egemtv.com\/?p=18893"},"modified":"2025-02-14T13:42:56","modified_gmt":"2025-02-14T10:42:56","slug":"usakta-eylem-yapan-halk-otobusu-hat-sahiplerini-vatandaslari-magdur-etti","status":"publish","type":"post","link":"https:\/\/www.egemtv.com\/?p=18893","title":{"rendered":"U\u015fak\u2019ta eylem yapan halk otob\u00fcs\u00fc hat sahiplerini vatanda\u015flar\u0131 ma\u011fdur etti"},"content":{"rendered":"<p>U\u015fak Belediyesi taraf\u0131ndan ula\u015f\u0131mda kolayl\u0131k sa\u011flamas\u0131 ad\u0131na y\u0131lba\u015f\u0131ndan itibaren ba\u015flat\u0131lan kartl\u0131 sistem uygulamas\u0131na kar\u015f\u0131 \u00e7\u0131kan otob\u00fcs hat sahipleri bug\u00fcn i\u015f b\u0131rakma eylemi ger\u00e7ekle\u015ftirdi. Dikilita\u015f ve \u00fcniversite hatlar\u0131nda hizmet veren t\u00fcm ara\u00e7lar\u0131 U\u015fak Belediyesi ana hizmet binas\u0131 \u00f6n\u00fcne \u00e7eken hat sahipleri, okuluna ve i\u015f yerlerine gitmek i\u00e7in evden \u00e7\u0131kan binlerce vatanda\u015f\u0131n ma\u011fdur olmas\u0131na neden oldu.<\/p>\n<p>\u00d6zellikle kent merkezinde bulunan duraklarda ciddi bir kalabal\u0131k birikirken, h\u0131zl\u0131 bir \u015fekilde karar alan U\u015fak Belediye Ba\u015fkan\u0131 \u00d6zkan Yal\u0131m\u2019\u0131n talimat\u0131yla vatanda\u015flar\u0131n ma\u011fdur olmamas\u0131 ad\u0131na belediye ara\u00e7lar\u0131 hizmete sokuldu. G\u00fcn boyunca \u00fccretsiz olarak \u00f6\u011frencileri ve di\u011fer yolcular\u0131 ta\u015f\u0131mas\u0131 kararla\u015ft\u0131r\u0131lan ara\u00e7lar sefer saatlerine uygun \u015fekilde tamamen \u00fccretsiz olarak yolcu ta\u015f\u0131d\u0131.<\/p>\n<p>Ba\u015fkan Yal\u0131m\u2019dan greve h\u0131zl\u0131 yan\u0131t<br \/>\n<br \/>\u00d6te yandan Edirne\u2019de ger\u00e7ekle\u015ftirilmekte olan \u0130l Belediye Ba\u015fkanlar\u0131 toplant\u0131s\u0131 nedeniyle \u015fehir d\u0131\u015f\u0131nda bulunan Belediye Ba\u015fkan\u0131 \u00d6zkan Yal\u0131m; d\u00fczenlenen grev ve kendisine y\u00f6nelik haz\u0131rlanan pankartlarla ilgili bir a\u00e7\u0131klama yapt\u0131.<br \/>\n<br \/>A\u00e7\u0131klamas\u0131nda ilk olarak &#8220;Bu halk da bu hat da sana hara\u00e7 vermeyecek \u00d6zkan Yal\u0131m&#8221; yaz\u0131l\u0131 pankartla ilgili olarak konu\u015fan Ba\u015fkan Yal\u0131m, &#8220;Sevgili vatanda\u015flar\u0131m\u0131n ger\u00e7ekleri bilmesi i\u00e7in \u015funu a\u00e7\u0131klamak istiyorum, biz U\u015fak Belediyesi olarak de\u011fil hat sahiplerinden hara\u00e7 almak, tam tersi onlara b\u00fcy\u00fck yard\u0131mlar yapt\u0131k. Ge\u00e7ti\u011fimiz y\u0131l merkezi h\u00fck\u00fcmetten her ay bize gelen ayl\u0131k yar\u0131m milyon liran\u0131n \u00fczerinde rakam\u0131 hat sahiplerine vererek 65 ya\u015f \u00fcst\u00fc \u00fccretsiz binen yolculardan zarar etmemeleri ad\u0131na onlara destek olduk&#8221; dedi.<\/p>\n<p>\u00d6nceki d\u00f6nemlerde belediye ba\u015fkanlar\u0131n\u0131n hat sahiplerinin bask\u0131lar\u0131na dayanamad\u0131klar\u0131 i\u00e7in kartl\u0131 sisteme ge\u00e7emediklerini de hat\u0131rlatan Ba\u015fkan Yal\u0131m; U\u015fak halk\u0131n\u0131n neredeyse yirmi y\u0131ld\u0131r b\u00fcy\u00fck \u015fehirlerde uygulanan bu sistemle tan\u0131\u015fmakta ge\u00e7 bile kald\u0131\u011f\u0131n\u0131, bu y\u00fczden ald\u0131klar\u0131 meclis karar\u0131yla bu sistemi ba\u015flatt\u0131klar\u0131n\u0131 ifade etti.<\/p>\n<p>&#8220;Vatanda\u015f\u0131m\u0131z\u0131n yarar\u0131na olan bu yoldan d\u00f6nmeyece\u011fiz&#8221;<br \/>\n<br \/>U\u015fak\u2019ta bulunan toplam 9 hattan 7\u2019sinin sistemi uygulad\u0131\u011f\u0131n\u0131 ancak 2 hatt\u0131n hala yolculardan para almakta \u0131srar etti\u011finin alt\u0131n\u0131 \u00e7izen Yal\u0131m; &#8220;Para almaya devam eden hatlar vergiden ka\u00e7\u0131yorlar ve vergi \u00f6demiyorlar. Bundan Defterdarl\u0131\u011f\u0131m\u0131z\u0131n da haberi var. Bizim meclis karar\u0131m\u0131z var, bu y\u00fczden bu karara uymayanlara ilk g\u00fcnden itibaren cezai i\u015flem uygulad\u0131k ve uygulamaya da devam edece\u011fiz&#8221; diye konu\u015ftu.<\/p>\n<p>Ge\u00e7mi\u015f y\u0131llarda kartl\u0131 sistem uygulamas\u0131 i\u00e7in istenen y\u00fczde 8-9\u2019luk komisyonlar\u0131n aksine kendilerinin bu oran\u0131 y\u00fczde 1\u2019e \u00e7ektiklerini de anlatan Ba\u015fkan Yal\u0131m; &#8220;E-kart sistemi sayesinde vergi ka\u00e7aklar\u0131n\u0131n \u00f6n\u00fcne ge\u00e7iliyor ve ayn\u0131 zamanda gelir gider dengeleri kontrol alt\u0131na giriyor. Bundan ka\u00e7maya \u00e7al\u0131\u015fan kimseye m\u00fcsaade etmeyece\u011fiz. Halk\u0131m\u0131z\u0131n bu teknolojiyle tan\u0131\u015fmas\u0131 ve ula\u015f\u0131mda kolayl\u0131\u011fa kavu\u015fmas\u0131 bizim i\u00e7in \u00e7ok \u00f6nemli ve bu yoldan d\u00f6nmeyece\u011fiz&#8221; dedi.<br \/>\n<br \/>Di\u011fer yandan \u015fu anda \u00fcniversitelerin ara tatilde oldu\u011funu ve hat sahiplerinin nas\u0131l olsa yolcu yok diye grev yapt\u0131klar\u0131n\u0131 ifade eden Ba\u015fkan Yal\u0131m; &#8221; Ben buradan hat sahiplerine sesleniyorum, Pazartesi g\u00fcn\u00fc yine eylem yaps\u0131nlar g\u00f6relim, binlerce \u00f6\u011frencimiz otob\u00fcs kullanacak bakal\u0131m o g\u00fcn de i\u015f b\u0131rakma eylemi yapabilecekler mi&#8221; diye konu\u015ftu.<\/p>\n<p>&#8220;Biz ne olursa olsun vatanda\u015f\u0131m\u0131z\u0131n yan\u0131nday\u0131z&#8221;<br \/>\n<br \/>&#8220;Vatanda\u015f\u0131m\u0131z\u0131n ma\u011fdur olmamas\u0131 i\u00e7in ne gerekirse yapaca\u011f\u0131z&#8221; diye konu\u015fan Ba\u015fkan Yal\u0131m; &#8220;Biz bug\u00fcn grev karar\u0131n\u0131 \u00f6\u011frendi\u011fimiz anda ivedi bir karar verdik ve halk\u0131m\u0131z\u0131n ma\u011fdur olmamas\u0131 i\u00e7in hemen kendi otob\u00fcslerimizi devreye soktuk. Tamamen \u00fccretsiz bir \u015fekilde halk\u0131m\u0131z\u0131 \u00fcniversite hatt\u0131nda ta\u015f\u0131maya devam edece\u011fiz, vatanda\u015flar\u0131m\u0131z hi\u00e7 merak etmesin. Bizim i\u00e7in as\u0131l olan vatanda\u015f\u0131m\u0131zd\u0131r. Gerekirse t\u00fcm sezon \u00f6\u011frencilerimizi \u00fccretsiz olarak kamp\u00fcse ta\u015f\u0131r\u0131z. Hatta ben bu vesileyle \u015funu da \u00f6zellikle belirtmek istiyorum, \u00e7ok yak\u0131n zamanda vatanda\u015f\u0131m\u0131z\u0131n \u00e7ok memnun kalaca\u011f\u0131 kaliteli bir ula\u015f\u0131m hizmetine de ba\u015flayaca\u011f\u0131z. Kimsenin vatanda\u015f\u0131m\u0131z\u0131 ma\u011fdur etmesine izin vermeyece\u011fiz&#8221; dedi.<\/p>\n<p>Vatanda\u015f\u0131n tepkisi sert oldu<br \/>\n<br \/>Di\u011fer yandan otob\u00fcs hatlar\u0131ndaki grev dolay\u0131s\u0131yla okullar\u0131na ve i\u015f yerlerine gidemeyen vatanda\u015flar ya\u015fad\u0131klar\u0131 ma\u011fduriyeti dile getirdi. \u00d6zellikle \u00fcniversite kamp\u00fcs\u00fcne ula\u015fmakta zorluk \u00e7eken \u00f6\u011frenciler, bu grevin U\u015fak Belediyesi\u2019ne y\u00f6nelik g\u00f6r\u00fcnd\u00fc\u011f\u00fcn\u00fc ancak as\u0131l etkilenen taraf\u0131n halk oldu\u011funu ifade ettiler.<br \/><\/p>\n","protected":false},"excerpt":{"rendered":"<p>U\u015fak Belediyesi taraf\u0131ndan ula\u015f\u0131mda kolayl\u0131k sa\u011flamas\u0131 ad\u0131na y\u0131lba\u015f\u0131ndan itibaren ba\u015flat\u0131lan kartl\u0131 sistem uygulamas\u0131na kar\u015f\u0131 \u00e7\u0131kan otob\u00fcs hat sahipleri bug\u00fcn i\u015f b\u0131rakma eylemi ger\u00e7ekle\u015ftirdi. Dikilita\u015f ve \u00fcniversite hatlar\u0131nda hizmet veren t\u00fcm ara\u00e7lar\u0131 U\u015fak Belediyesi ana hizmet binas\u0131 \u00f6n\u00fcne \u00e7eken hat sahipleri, okuluna ve i\u015f yerlerine gitmek i\u00e7in evden \u00e7\u0131kan binlerce vatanda\u015f\u0131n ma\u011fdur olmas\u0131na neden oldu. \u00d6zellikle&#8230;<\/p>\n","protected":false},"author":1,"featured_media":18894,"comment_status":"open","ping_status":"open","sticky":false,"template":"","format":"standard","meta":{"_crdt_document":"","footnotes":""},"categories":[123],"tags":[],"class_list":["post-18893","post","type-post","status-publish","format-standard","has-post-thumbnail","hentry","category-gundem"],"_links":{"self":[{"href":"https:\/\/www.egemtv.com\/index.php?rest_route=\/wp\/v2\/posts\/18893","targetHints":{"allow":["GET"]}}],"collection":[{"href":"https:\/\/www.egemtv.com\/index.php?rest_route=\/wp\/v2\/posts"}],"about":[{"href":"https:\/\/www.egemtv.com\/index.php?rest_route=\/wp\/v2\/types\/post"}],"author":[{"embeddable":true,"href":"https:\/\/www.egemtv.com\/index.php?rest_route=\/wp\/v2\/users\/1"}],"replies":[{"embeddable":true,"href":"https:\/\/www.egemtv.com\/index.php?rest_route=%2Fwp%2Fv2%2Fcomments&post=18893"}],"version-history":[{"count":1,"href":"https:\/\/www.egemtv.com\/index.php?rest_route=\/wp\/v2\/posts\/18893\/revisions"}],"predecessor-version":[{"id":18895,"href":"https:\/\/www.egemtv.com\/index.php?rest_route=\/wp\/v2\/posts\/18893\/revisions\/18895"}],"wp:featuredmedia":[{"embeddable":true,"href":"https:\/\/www.egemtv.com\/index.php?rest_route=\/wp\/v2\/media\/18894"}],"wp:attachment":[{"href":"https:\/\/www.egemtv.com\/index.php?rest_route=%2Fwp%2Fv2%2Fmedia&parent=18893"}],"wp:term":[{"taxonomy":"category","embeddable":true,"href":"https:\/\/www.egemtv.com\/index.php?rest_route=%2Fwp%2Fv2%2Fcategories&post=18893"},{"taxonomy":"post_tag","embeddable":true,"href":"https:\/\/www.egemtv.com\/index.php?rest_route=%2Fwp%2Fv2%2Ftags&post=18893"}],"curies":[{"name":"wp","href":"https:\/\/api.w.org\/{rel}","templated":true}]}}