{"id":18890,"date":"2025-02-14T13:12:36","date_gmt":"2025-02-14T10:12:36","guid":{"rendered":"https:\/\/www.egemtv.com\/?p=18890"},"modified":"2025-02-14T13:12:40","modified_gmt":"2025-02-14T10:12:40","slug":"spilde-essiz-manzara","status":"publish","type":"post","link":"https:\/\/www.egemtv.com\/?p=18890","title":{"rendered":"Spil\u2019de e\u015fsiz manzara"},"content":{"rendered":"<p>Buz tutan g\u00f6l\u00fc, buzul \u00e7a\u011f\u0131n\u0131 and\u0131ran buzla\u015fm\u0131\u015f a\u011fa\u00e7lar\u0131 ile e\u015fsiz bir g\u00fczelli\u011fe b\u00fcr\u00fcnen Spil Da\u011f\u0131 Milli Park\u0131\u2019nda birka\u00e7 haftad\u0131r \u00f6zellikle hafta sonu yo\u011funluk ya\u015fanmas\u0131n\u0131n ard\u0131ndan \u00e7ok say\u0131da Manisa ve \u0130zmirli vatanda\u015f, kar keyfini ya\u015famak i\u00e7in hafta i\u00e7i g\u00fcnlerini tercih etmeye ba\u015flad\u0131.<br \/>\n<br \/>Manisa\u2019n\u0131n bin 517 metre rak\u0131ml\u0131 Spil Da\u011f\u0131 Milli Park\u0131\u2019nda \u00f6zellikle zirvede 5 santimetreyi ge\u00e7meyen kar olmas\u0131na ra\u011fmen, kar g\u00f6rmeye hasret olan Manisa ve \u0130zmirli vatanda\u015flar\u0131n ak\u0131n\u0131na u\u011fruyor. \u00d6zellikle hafta sonu \u00e7ok kalabal\u0131k olmas\u0131 sebebiyle uzun kuyruklarda bekleyip de Milli Parka giremeyen Manisal\u0131 ve \u0130zmirli vatanda\u015flar bu sebepten dolay\u0131 hafta i\u00e7i gelmeyi de tercih ediyor.<\/p>\n<p>Ziyaret\u00e7ilerin tercihi zirveye yak\u0131n yerler<br \/>\n<br \/>Yakla\u015f\u0131k 10 g\u00fcnd\u00fcr eksi derecelerde devam eden so\u011fuk havalardan dolay\u0131 erimeyen ve k\u0131ra\u011f\u0131lar ile buzla\u015fan \u00e7am a\u011fa\u00e7lar\u0131 ve endemik bitkiler adeta kartpostall\u0131k g\u00f6r\u00fcnt\u00fcler olu\u015fturuyor. Bir\u00e7ok vatanda\u015f bu manzaralar\u0131 foto\u011fraflayabilmek ve kar hasreti gidermek i\u00e7in zirveye giden yol \u00fczerindeki Karavan Park Alan\u0131 ve Yang\u0131n G\u00f6zetleme Kulesi yolu ile Turan Bayrak Tepe mevkisini tercih ediyor.<br \/>\n<br \/>Spil Da\u011f\u0131 Milli Park\u0131\u2019na gelmek i\u00e7in \u00f6zellikle hafta i\u00e7ini tercih ettiklerini belirten ve Manisa\u2019dan arkada\u015flar\u0131yla birlikte gelen \u0130smail A\u015fmaz, &#8220;Ailecek piknik ve manzara foto\u011fraflar\u0131 \u00e7ekmek i\u00e7in geldik. Hafta sonu olduk\u00e7a kalabal\u0131k oluyor ve yeterince tad\u0131n\u0131 \u00e7\u0131karam\u0131yorduk. Burada atmosfer \u00e7ok g\u00fczel, b\u00f6ylesine g\u00fczel havas\u0131 ve manzaras\u0131 olan Milli Park\u0131m\u0131z\u0131 herkesin ziyaret etmesi gerekir diye d\u00fc\u015f\u00fcn\u00fcyorum&#8221; dedi.<br \/>\n<br \/>\u0130zmir\u2019den anne ve babas\u0131yla birlikte gelen Ali Kaan Aydemir ise, &#8220;Kar g\u00f6rmeyi \u00f6zledik ve bu hasretimizi gidermek i\u00e7in geldik. Atalan\u0131 mevkisinde fazla kar yok ama zirveye do\u011fru \u00e7\u0131kan yolda muhte\u015fem bir manzara var. Buras\u0131 baya\u011f\u0131 g\u00fczelle\u015fmi\u015f, ke\u015fke biraz daha fazla kar ya\u011fm\u0131\u015f olsa&#8221; \u015feklinde konu\u015ftu.<br \/>\n<br \/>\u0130zmir\u2019in Bornova il\u00e7esi P\u0131narba\u015f\u0131\u2019ndan kar g\u00f6rmeye geldiklerini anlatan Cihat \u00d6zp\u0131nar, &#8220;Hafta sonu gelip tad\u0131n\u0131 \u00e7\u0131karam\u0131yoruz, \u00e7ok kalabal\u0131k oluyor. Bu y\u00fczden hafta i\u00e7i gelmemiz \u00e7ok daha g\u00fczel ve trafi\u011fi de biraz daha sakin oluyor. Ortam\u0131n tad\u0131na var\u0131yorsunuz. Mutlaka herkesin g\u00f6rmesi gereken muhte\u015fem manzaralar olu\u015fmu\u015f durumda&#8221; diye konu\u015ftu.<br \/>\n<br \/>\u0130zmir\u2019in \u00c7i\u011fli il\u00e7esinden ailecek kar hasreti gidermeye geldiklerini s\u00f6yleyen M\u00fcnevver Tufan da, &#8220;\u00c7ok g\u00fczel ve \u00e7ok temiz havas\u0131 var. Bizler kar g\u00f6ren masum \u0130zmirliler olarak \u00e7ok g\u00fczel buluyoruz. Kar hasreti olan \u0130zmirlilerin kesinlikle gelip bu g\u00fczellikleri g\u00f6rmesi laz\u0131m. Hafta sonu \u00e7ok kalabal\u0131k oluyor, \u00e7ocuklar\u0131m\u0131z kar\u0131n tad\u0131n\u0131 \u00e7\u0131karabilsin diye \u00f6zellikle hafta i\u00e7ini tercih ettik&#8221; dedi.<br \/>\n<br \/>\u0130zmir\u2019in Buca il\u00e7esi Kaynaklar\u2019dan ailesiyle piknik yapmaya geldi\u011fi anlatan Serdar Keklik\u00e7i ise manzaran\u0131n muhte\u015fem ve b\u00fcy\u00fcleyici oldu\u011funu dile getirdi.<br \/>\n<br \/>\u0130zmir\u2019den gelen 6 ya\u015f\u0131ndaki minik ziyaret\u00e7i Fatma Tek ise, &#8220;Kar \u00e7ok iyi, daha \u00f6nce de oynam\u0131\u015ft\u0131m. A\u011fa\u00e7lar \u00e7ok g\u00fczel olmu\u015f, \u00e7ok be\u011fendim&#8221; diyerek manzaray\u0131 be\u011fendi\u011fini anlatt\u0131.<br \/><\/p>\n","protected":false},"excerpt":{"rendered":"<p>Buz tutan g\u00f6l\u00fc, buzul \u00e7a\u011f\u0131n\u0131 and\u0131ran buzla\u015fm\u0131\u015f a\u011fa\u00e7lar\u0131 ile e\u015fsiz bir g\u00fczelli\u011fe b\u00fcr\u00fcnen Spil Da\u011f\u0131 Milli Park\u0131\u2019nda birka\u00e7 haftad\u0131r \u00f6zellikle hafta sonu yo\u011funluk ya\u015fanmas\u0131n\u0131n ard\u0131ndan \u00e7ok say\u0131da Manisa ve \u0130zmirli vatanda\u015f, kar keyfini ya\u015famak i\u00e7in hafta i\u00e7i g\u00fcnlerini tercih etmeye ba\u015flad\u0131. Manisa\u2019n\u0131n bin 517 metre rak\u0131ml\u0131 Spil Da\u011f\u0131 Milli Park\u0131\u2019nda \u00f6zellikle zirvede 5 santimetreyi ge\u00e7meyen&#8230;<\/p>\n","protected":false},"author":1,"featured_media":18891,"comment_status":"open","ping_status":"open","sticky":false,"template":"","format":"standard","meta":{"_crdt_document":"","footnotes":""},"categories":[1],"tags":[],"class_list":["post-18890","post","type-post","status-publish","format-standard","has-post-thumbnail","hentry","category-guncel"],"_links":{"self":[{"href":"https:\/\/www.egemtv.com\/index.php?rest_route=\/wp\/v2\/posts\/18890","targetHints":{"allow":["GET"]}}],"collection":[{"href":"https:\/\/www.egemtv.com\/index.php?rest_route=\/wp\/v2\/posts"}],"about":[{"href":"https:\/\/www.egemtv.com\/index.php?rest_route=\/wp\/v2\/types\/post"}],"author":[{"embeddable":true,"href":"https:\/\/www.egemtv.com\/index.php?rest_route=\/wp\/v2\/users\/1"}],"replies":[{"embeddable":true,"href":"https:\/\/www.egemtv.com\/index.php?rest_route=%2Fwp%2Fv2%2Fcomments&post=18890"}],"version-history":[{"count":1,"href":"https:\/\/www.egemtv.com\/index.php?rest_route=\/wp\/v2\/posts\/18890\/revisions"}],"predecessor-version":[{"id":18892,"href":"https:\/\/www.egemtv.com\/index.php?rest_route=\/wp\/v2\/posts\/18890\/revisions\/18892"}],"wp:featuredmedia":[{"embeddable":true,"href":"https:\/\/www.egemtv.com\/index.php?rest_route=\/wp\/v2\/media\/18891"}],"wp:attachment":[{"href":"https:\/\/www.egemtv.com\/index.php?rest_route=%2Fwp%2Fv2%2Fmedia&parent=18890"}],"wp:term":[{"taxonomy":"category","embeddable":true,"href":"https:\/\/www.egemtv.com\/index.php?rest_route=%2Fwp%2Fv2%2Fcategories&post=18890"},{"taxonomy":"post_tag","embeddable":true,"href":"https:\/\/www.egemtv.com\/index.php?rest_route=%2Fwp%2Fv2%2Ftags&post=18890"}],"curies":[{"name":"wp","href":"https:\/\/api.w.org\/{rel}","templated":true}]}}