{"id":18887,"date":"2025-02-14T13:12:31","date_gmt":"2025-02-14T10:12:31","guid":{"rendered":"https:\/\/www.egemtv.com\/?p=18887"},"modified":"2025-02-14T13:12:35","modified_gmt":"2025-02-14T10:12:35","slug":"orman-bolge-mudurlugu-ekipleri-koyde-daha-fazla-evin-yanmasini-onledi","status":"publish","type":"post","link":"https:\/\/www.egemtv.com\/?p=18887","title":{"rendered":"Orman B\u00f6lge M\u00fcd\u00fcrl\u00fc\u011f\u00fc ekipleri k\u00f6yde daha fazla evin yanmas\u0131n\u0131 \u00f6nledi"},"content":{"rendered":"<p>U\u015fak\u2019\u0131n Banaz il\u00e7esine ba\u011fl\u0131 Karacahisar k\u00f6y\u00fcnde meydana gelen yang\u0131nda b\u00fcy\u00fck emek sarf eden Denizli Orman B\u00f6lge M\u00fcd\u00fcrl\u00fc\u011f\u00fc ekiplerince, k\u00f6yde bulunan 30 evin yanmas\u0131 \u00f6nlendi.<br \/>\n<br \/>Edinilen bilgilere g\u00f6re, U\u015fak\u2019\u0131n Banaz il\u00e7esine ba\u011fl\u0131 Yukar\u0131karacahisar k\u00f6y\u00fcnde \u0130brahim \u0130nan\u2019a ait m\u00fcstakil bir evde hen\u00fcz sebebi belirlenemeyen \u015fekilde yang\u0131n \u00e7\u0131kt\u0131. Yang\u0131n k\u0131sa s\u00fcrede b\u00fcy\u00fcyerek biti\u015fi\u011finde bulunan 5 eve s\u0131\u00e7rad\u0131. \u00c7evredeki vatanda\u015flar\u0131n ihbar\u0131 \u00fczerine b\u00f6lgeye 112 Sa\u011fl\u0131k, jandarma, Banaz Belediyesi \u0130tfaiyesi, U\u015fak Belediyesi \u0130tfaiyesi, Orman Genel M\u00fcd\u00fcrl\u00fc\u011f\u00fc\u2019ne ait 7 araz\u00f6z intikal etti. B\u00f6lgeye k\u0131sa s\u00fcrede intikal eden ekipler, yang\u0131n daha fazla eve s\u0131\u00e7ramadan 5 saat \u00e7al\u0131\u015fman\u0131n ard\u0131ndan s\u00f6nd\u00fcrd\u00fc.<br \/>\n<br \/>B\u00f6lgeye U\u015fak Valisi Naci Akta\u015f ve Banaz Belediye Ba\u015fkan\u0131 Zafer Arpac\u0131 gelerek, yang\u0131nda evleri zarar g\u00f6rm\u00fc\u015f vatanda\u015flara ge\u00e7mi\u015f olsun dileklerinde bulundular. Burada Vali Akta\u015f, \u0130l Jandarma Komutan\u0131 K\u0131demli Albay Fahri Semiz ve \u0130l AFAD M\u00fcd\u00fcr\u00fc Burak Edin\u2019den bilgi ald\u0131.<br \/>\n<br \/>Burada gazetecilere a\u00e7\u0131klamalarda bulunan Vali Akta\u015f, yang\u0131n\u0131n kontrol alt\u0131na al\u0131nd\u0131\u011f\u0131n\u0131 ve yang\u0131nda herhangi bir can kayb\u0131 olmad\u0131\u011f\u0131n\u0131 belirtti.<br \/>\n<br \/>\u00d6te yandan, Denizli Orman B\u00f6lge M\u00fcd\u00fcrl\u00fc\u011f\u00fc\u2019nce yap\u0131lan yaz\u0131l\u0131 a\u00e7\u0131klamada ise orman d\u0131\u015f\u0131 yang\u0131na m\u00fcdahale ettiklerini ve \u00e7al\u0131\u015fmalar neticesinde k\u00f6yde bulunan 30 evin yanmas\u0131n\u0131 engellediklerini belirterek, &#8220;U\u015fak ili Banaz il\u00e7esi Karacahisar k\u00f6y i\u00e7inde \u00e7\u0131kan ve evleri etkileyen yang\u0131ndan haber al\u0131r almaz ekiplerimiz orman d\u0131\u015f\u0131 yang\u0131na h\u0131zla hareket etmi\u015f ve hemen m\u00fcdahaleye ba\u015flam\u0131\u015ft\u0131r. Ekiplerimizin m\u00fcdahalesiyle yang\u0131n di\u011fer evlere s\u0131\u00e7ramadan kontrol alt\u0131na al\u0131nm\u0131\u015f, k\u00f6yde bulunan yakla\u015f\u0131k 30 evin zarar g\u00f6rmesine engel olunmu\u015ftur. Yang\u0131nda 4 tanesi ikamet edilmeyen 6 ev zarar g\u00f6rm\u00fc\u015f olup herhangi bir can kayb\u0131 olmam\u0131\u015ft\u0131r. Orman B\u00f6lge M\u00fcd\u00fcrl\u00fc\u011f\u00fc olarak her zaman cansiparane \u00e7al\u0131\u015fmalar\u0131m\u0131zla iyi g\u00fcnde k\u00f6t\u00fc g\u00fcnde orman k\u00f6yl\u00fclerimizin yan\u0131nday\u0131z&#8221; ifadeleri kullan\u0131ld\u0131.<br \/><\/p>\n","protected":false},"excerpt":{"rendered":"<p>U\u015fak\u2019\u0131n Banaz il\u00e7esine ba\u011fl\u0131 Karacahisar k\u00f6y\u00fcnde meydana gelen yang\u0131nda b\u00fcy\u00fck emek sarf eden Denizli Orman B\u00f6lge M\u00fcd\u00fcrl\u00fc\u011f\u00fc ekiplerince, k\u00f6yde bulunan 30 evin yanmas\u0131 \u00f6nlendi. Edinilen bilgilere g\u00f6re, U\u015fak\u2019\u0131n Banaz il\u00e7esine ba\u011fl\u0131 Yukar\u0131karacahisar k\u00f6y\u00fcnde \u0130brahim \u0130nan\u2019a ait m\u00fcstakil bir evde hen\u00fcz sebebi belirlenemeyen \u015fekilde yang\u0131n \u00e7\u0131kt\u0131. Yang\u0131n k\u0131sa s\u00fcrede b\u00fcy\u00fcyerek biti\u015fi\u011finde bulunan 5 eve s\u0131\u00e7rad\u0131. \u00c7evredeki&#8230;<\/p>\n","protected":false},"author":1,"featured_media":18888,"comment_status":"open","ping_status":"open","sticky":false,"template":"","format":"standard","meta":{"_crdt_document":"","footnotes":""},"categories":[5],"tags":[],"class_list":["post-18887","post","type-post","status-publish","format-standard","has-post-thumbnail","hentry","category-asayis"],"_links":{"self":[{"href":"https:\/\/www.egemtv.com\/index.php?rest_route=\/wp\/v2\/posts\/18887","targetHints":{"allow":["GET"]}}],"collection":[{"href":"https:\/\/www.egemtv.com\/index.php?rest_route=\/wp\/v2\/posts"}],"about":[{"href":"https:\/\/www.egemtv.com\/index.php?rest_route=\/wp\/v2\/types\/post"}],"author":[{"embeddable":true,"href":"https:\/\/www.egemtv.com\/index.php?rest_route=\/wp\/v2\/users\/1"}],"replies":[{"embeddable":true,"href":"https:\/\/www.egemtv.com\/index.php?rest_route=%2Fwp%2Fv2%2Fcomments&post=18887"}],"version-history":[{"count":1,"href":"https:\/\/www.egemtv.com\/index.php?rest_route=\/wp\/v2\/posts\/18887\/revisions"}],"predecessor-version":[{"id":18889,"href":"https:\/\/www.egemtv.com\/index.php?rest_route=\/wp\/v2\/posts\/18887\/revisions\/18889"}],"wp:featuredmedia":[{"embeddable":true,"href":"https:\/\/www.egemtv.com\/index.php?rest_route=\/wp\/v2\/media\/18888"}],"wp:attachment":[{"href":"https:\/\/www.egemtv.com\/index.php?rest_route=%2Fwp%2Fv2%2Fmedia&parent=18887"}],"wp:term":[{"taxonomy":"category","embeddable":true,"href":"https:\/\/www.egemtv.com\/index.php?rest_route=%2Fwp%2Fv2%2Fcategories&post=18887"},{"taxonomy":"post_tag","embeddable":true,"href":"https:\/\/www.egemtv.com\/index.php?rest_route=%2Fwp%2Fv2%2Ftags&post=18887"}],"curies":[{"name":"wp","href":"https:\/\/api.w.org\/{rel}","templated":true}]}}