{"id":18872,"date":"2025-02-14T12:54:38","date_gmt":"2025-02-14T09:54:38","guid":{"rendered":"https:\/\/www.egemtv.com\/?p=18872"},"modified":"2025-02-14T12:54:42","modified_gmt":"2025-02-14T09:54:42","slug":"muhtarlar-sosyal-medya-hesaplarindan-baskan-tetike-tesekkur-etti","status":"publish","type":"post","link":"https:\/\/www.egemtv.com\/?p=18872","title":{"rendered":"Muhtarlar sosyal medya hesaplar\u0131ndan Ba\u015fkan Tetik\u2019e te\u015fekk\u00fcr etti"},"content":{"rendered":"<p>2025 y\u0131l\u0131n\u0131n ilk g\u00fcnlerinden itibaren hizmetlerine devam eden Nazilli Belediye Ba\u015fkan\u0131 Dr. Ertu\u011frul Tetik\u2019in \u00e7al\u0131\u015fmalar\u0131 muhtarlar taraf\u0131ndan takdirle kar\u015f\u0131lan\u0131yor.<\/p>\n<p>\u015eehrin yar\u0131m as\u0131rd\u0131r el de\u011fmeyen noktalar\u0131n\u0131 hizmetle bulu\u015fturan, en b\u00fcy\u00fck sorunlardan biri olan temizlik konusunda b\u00fcy\u00fck \u00e7apl\u0131 faaliyetler y\u00fcr\u00fcten ve 7 ayl\u0131k s\u00fcrede ara\u00e7 filosuna yaln\u0131zca belediyenin b\u00fct\u00e7esi ile 12 yeni temizlik arac\u0131 kazand\u0131ran Ba\u015fkan Tetik\u2019e sosyal medya hesaplar\u0131ndan yapt\u0131klar\u0131 payla\u015f\u0131mlarla te\u015fekk\u00fcr eden mahalle muhtarlar\u0131, yap\u0131lan hizmetlerden duydu\u011fu memnuniyeti s\u0131k s\u0131k dile getiriyor.<\/p>\n<p>\u015eehrin daha ya\u015fanabilir bir hale gelmesi i\u00e7in y\u00fcr\u00fct\u00fclen hizmetlerin artarak devam edece\u011fi belirten Ba\u015fkan Tetik, &#8220;Halk\u0131m\u0131z bug\u00fcne kadar ne yaz\u0131k ki g\u00fcn\u00fc birlik \u00e7al\u0131\u015fmalarla yetinmek durumunda kalm\u0131\u015f. Biz kal\u0131c\u0131 ve ak\u0131lc\u0131 hizmetlerle \u015fehrimizi daha ya\u015fanabilir bir kent haline getirece\u011fiz. \u00c7al\u0131\u015fkan bir ekibimiz var. Halk\u0131m\u0131zla birlik ve beraberlik i\u00e7erisindeyiz. T\u00fcm bunlar bir araya gelince ba\u015faramayaca\u011f\u0131m\u0131z hi\u00e7bir \u015fey yok. Desteklerinden dolay\u0131 halk\u0131m\u0131za ve muhtarlar\u0131m\u0131za y\u00fcrekten te\u015fekk\u00fcr ediyorum&#8221; dedi.<br \/><\/p>\n","protected":false},"excerpt":{"rendered":"<p>2025 y\u0131l\u0131n\u0131n ilk g\u00fcnlerinden itibaren hizmetlerine devam eden Nazilli Belediye Ba\u015fkan\u0131 Dr. Ertu\u011frul Tetik\u2019in \u00e7al\u0131\u015fmalar\u0131 muhtarlar taraf\u0131ndan takdirle kar\u015f\u0131lan\u0131yor. \u015eehrin yar\u0131m as\u0131rd\u0131r el de\u011fmeyen noktalar\u0131n\u0131 hizmetle bulu\u015fturan, en b\u00fcy\u00fck sorunlardan biri olan temizlik konusunda b\u00fcy\u00fck \u00e7apl\u0131 faaliyetler y\u00fcr\u00fcten ve 7 ayl\u0131k s\u00fcrede ara\u00e7 filosuna yaln\u0131zca belediyenin b\u00fct\u00e7esi ile 12 yeni temizlik arac\u0131 kazand\u0131ran Ba\u015fkan Tetik\u2019e&#8230;<\/p>\n","protected":false},"author":1,"featured_media":18873,"comment_status":"open","ping_status":"open","sticky":false,"template":"","format":"standard","meta":{"_crdt_document":"","footnotes":""},"categories":[1],"tags":[],"class_list":["post-18872","post","type-post","status-publish","format-standard","has-post-thumbnail","hentry","category-guncel"],"_links":{"self":[{"href":"https:\/\/www.egemtv.com\/index.php?rest_route=\/wp\/v2\/posts\/18872","targetHints":{"allow":["GET"]}}],"collection":[{"href":"https:\/\/www.egemtv.com\/index.php?rest_route=\/wp\/v2\/posts"}],"about":[{"href":"https:\/\/www.egemtv.com\/index.php?rest_route=\/wp\/v2\/types\/post"}],"author":[{"embeddable":true,"href":"https:\/\/www.egemtv.com\/index.php?rest_route=\/wp\/v2\/users\/1"}],"replies":[{"embeddable":true,"href":"https:\/\/www.egemtv.com\/index.php?rest_route=%2Fwp%2Fv2%2Fcomments&post=18872"}],"version-history":[{"count":1,"href":"https:\/\/www.egemtv.com\/index.php?rest_route=\/wp\/v2\/posts\/18872\/revisions"}],"predecessor-version":[{"id":18874,"href":"https:\/\/www.egemtv.com\/index.php?rest_route=\/wp\/v2\/posts\/18872\/revisions\/18874"}],"wp:featuredmedia":[{"embeddable":true,"href":"https:\/\/www.egemtv.com\/index.php?rest_route=\/wp\/v2\/media\/18873"}],"wp:attachment":[{"href":"https:\/\/www.egemtv.com\/index.php?rest_route=%2Fwp%2Fv2%2Fmedia&parent=18872"}],"wp:term":[{"taxonomy":"category","embeddable":true,"href":"https:\/\/www.egemtv.com\/index.php?rest_route=%2Fwp%2Fv2%2Fcategories&post=18872"},{"taxonomy":"post_tag","embeddable":true,"href":"https:\/\/www.egemtv.com\/index.php?rest_route=%2Fwp%2Fv2%2Ftags&post=18872"}],"curies":[{"name":"wp","href":"https:\/\/api.w.org\/{rel}","templated":true}]}}