{"id":18869,"date":"2025-02-14T12:54:33","date_gmt":"2025-02-14T09:54:33","guid":{"rendered":"https:\/\/www.egemtv.com\/?p=18869"},"modified":"2025-02-14T12:54:37","modified_gmt":"2025-02-14T09:54:37","slug":"daha-yesil-ve-estetik-bir-kent-icin-calismalar-suruyor","status":"publish","type":"post","link":"https:\/\/www.egemtv.com\/?p=18869","title":{"rendered":"Daha ye\u015fil ve estetik bir kent i\u00e7in \u00e7al\u0131\u015fmalar s\u00fcr\u00fcyor"},"content":{"rendered":"<p>Manisa B\u00fcy\u00fck\u015fehir Belediyesi, \u015fehrin daha ye\u015fil, modern ve estetik bir g\u00f6r\u00fcn\u00fcme kavu\u015fmas\u0131 amac\u0131yla ba\u015flatt\u0131\u011f\u0131 peyzaj d\u00fczenleme \u00e7al\u0131\u015fmalar\u0131na h\u0131z kesmeden devam ediyor.<br \/>\n<br \/>Kent Esteti\u011fi Dairesi Ba\u015fkanl\u0131\u011f\u0131 taraf\u0131ndan ger\u00e7ekle\u015ftirilen \u00e7al\u0131\u015fmalarla Cumhuriyet ve Alparslan T\u00fcrke\u015f Kav\u015faklar\u0131, K\u0131rka\u011fa\u00e7 Saat Kulesi Meydan\u0131 ve Menemen Yolu &#8211; Karaali ba\u011flant\u0131s\u0131 orta ref\u00fcj\u00fc, \u00e7evreye duyarl\u0131, ye\u015fil dokuyu \u00f6ne \u00e7\u0131karan modern peyzaj tasar\u0131mlar\u0131yla yeniden d\u00fczenlendi.<br \/>\n<br \/>Kent genelinde ye\u015fil alanlar\u0131 art\u0131rarak daha ya\u015fanabilir, modern ve estetik bir \u015fehir olu\u015fturmak i\u00e7in \u00e7al\u0131\u015fmalar\u0131na y\u00f6n veren Manisa B\u00fcy\u00fck\u015fehir Belediyesi, yap\u0131lan peyzaj \u00e7al\u0131\u015fmalar\u0131yla, \u015fehrin do\u011fal ve tarihi dokusuyla uyumlu bir kent kimli\u011fi olu\u015fturmay\u0131 ama\u00e7l\u0131yor. Bu kapsamda, Kent Esteti\u011fi Dairesi Ba\u015fkanl\u0131\u011f\u0131 taraf\u0131ndan y\u00fcr\u00fct\u00fclen peyzaj ve yenileme \u00e7al\u0131\u015fmalar\u0131 yo\u011fun \u015fekilde devam ediyor.<br \/>\n<br \/>Tamamlanan \u00e7al\u0131\u015fmalar i\u00e7erisinde bulunan K\u0131rka\u011fa\u00e7\u2019\u0131n simgelerinden biri olan Saat Kulesi Meydan\u0131, mevsimlik \u00e7i\u00e7ek ekimi ve modern tasar\u0131m uygulamalar\u0131yla yenilenerek vatanda\u015flar\u0131n kullan\u0131m\u0131na sunuldu. Cumhuriyet Kav\u015fa\u011f\u0131\u2019nda 4 bin 200 metrekarelik alanda ger\u00e7ekle\u015ftirilen peyzaj \u00e7al\u0131\u015fmalar\u0131yla kav\u015fak modern ve estetik bir g\u00f6r\u00fcn\u00fcme kavu\u015fturuldu. Alparslan T\u00fcrke\u015f Kav\u015fa\u011f\u0131\u2019nda yap\u0131lan \u00e7i\u00e7eklendirme ve peyzaj d\u00fczenlemeleriyle alan daha canl\u0131 ve dikkat \u00e7ekici hale geldi. Menemen Yolu &#8211; Karaali ba\u011flant\u0131s\u0131 orta ref\u00fcjde y\u00fcr\u00fct\u00fclen bin 600 metrekarelik peyzaj \u00e7al\u0131\u015fmalar\u0131 sayesinde b\u00f6lge daha ye\u015fil ve estetik bir g\u00f6r\u00fcn\u00fcme kavu\u015ftu.<br \/><\/p>\n","protected":false},"excerpt":{"rendered":"<p>Manisa B\u00fcy\u00fck\u015fehir Belediyesi, \u015fehrin daha ye\u015fil, modern ve estetik bir g\u00f6r\u00fcn\u00fcme kavu\u015fmas\u0131 amac\u0131yla ba\u015flatt\u0131\u011f\u0131 peyzaj d\u00fczenleme \u00e7al\u0131\u015fmalar\u0131na h\u0131z kesmeden devam ediyor. Kent Esteti\u011fi Dairesi Ba\u015fkanl\u0131\u011f\u0131 taraf\u0131ndan ger\u00e7ekle\u015ftirilen \u00e7al\u0131\u015fmalarla Cumhuriyet ve Alparslan T\u00fcrke\u015f Kav\u015faklar\u0131, K\u0131rka\u011fa\u00e7 Saat Kulesi Meydan\u0131 ve Menemen Yolu &#8211; Karaali ba\u011flant\u0131s\u0131 orta ref\u00fcj\u00fc, \u00e7evreye duyarl\u0131, ye\u015fil dokuyu \u00f6ne \u00e7\u0131karan modern peyzaj tasar\u0131mlar\u0131yla yeniden&#8230;<\/p>\n","protected":false},"author":1,"featured_media":18870,"comment_status":"open","ping_status":"open","sticky":false,"template":"","format":"standard","meta":{"_crdt_document":"","footnotes":""},"categories":[1],"tags":[],"class_list":["post-18869","post","type-post","status-publish","format-standard","has-post-thumbnail","hentry","category-guncel"],"_links":{"self":[{"href":"https:\/\/www.egemtv.com\/index.php?rest_route=\/wp\/v2\/posts\/18869","targetHints":{"allow":["GET"]}}],"collection":[{"href":"https:\/\/www.egemtv.com\/index.php?rest_route=\/wp\/v2\/posts"}],"about":[{"href":"https:\/\/www.egemtv.com\/index.php?rest_route=\/wp\/v2\/types\/post"}],"author":[{"embeddable":true,"href":"https:\/\/www.egemtv.com\/index.php?rest_route=\/wp\/v2\/users\/1"}],"replies":[{"embeddable":true,"href":"https:\/\/www.egemtv.com\/index.php?rest_route=%2Fwp%2Fv2%2Fcomments&post=18869"}],"version-history":[{"count":1,"href":"https:\/\/www.egemtv.com\/index.php?rest_route=\/wp\/v2\/posts\/18869\/revisions"}],"predecessor-version":[{"id":18871,"href":"https:\/\/www.egemtv.com\/index.php?rest_route=\/wp\/v2\/posts\/18869\/revisions\/18871"}],"wp:featuredmedia":[{"embeddable":true,"href":"https:\/\/www.egemtv.com\/index.php?rest_route=\/wp\/v2\/media\/18870"}],"wp:attachment":[{"href":"https:\/\/www.egemtv.com\/index.php?rest_route=%2Fwp%2Fv2%2Fmedia&parent=18869"}],"wp:term":[{"taxonomy":"category","embeddable":true,"href":"https:\/\/www.egemtv.com\/index.php?rest_route=%2Fwp%2Fv2%2Fcategories&post=18869"},{"taxonomy":"post_tag","embeddable":true,"href":"https:\/\/www.egemtv.com\/index.php?rest_route=%2Fwp%2Fv2%2Ftags&post=18869"}],"curies":[{"name":"wp","href":"https:\/\/api.w.org\/{rel}","templated":true}]}}