{"id":18866,"date":"2025-02-14T12:54:28","date_gmt":"2025-02-14T09:54:28","guid":{"rendered":"https:\/\/www.egemtv.com\/?p=18866"},"modified":"2025-02-14T12:54:32","modified_gmt":"2025-02-14T09:54:32","slug":"usak-belediyesinden-ucretsiz-servis-duyurusu","status":"publish","type":"post","link":"https:\/\/www.egemtv.com\/?p=18866","title":{"rendered":"U\u015fak Belediyesinden \u00fccretsiz servis duyurusu"},"content":{"rendered":"<p>U\u015fak Belediyesi sosyal medya hesaplar\u0131ndan, y\u0131lba\u015f\u0131ndan itibaren ba\u015flat\u0131lan kartl\u0131 sistem uygulamas\u0131na kar\u015f\u0131 \u00e7\u0131kan otob\u00fcs hat sahipleri bug\u00fcn i\u015f b\u0131rakma eylemi ger\u00e7ekle\u015ftirdi\u011fini ve vatanda\u015flar\u0131n ma\u011fdur olmamas\u0131 i\u00e7in ad\u0131na belediye ara\u00e7lar\u0131 hizmete soktu\u011funu duyurdu.<\/p>\n<p>U\u015fak Belediyesi taraf\u0131ndan ula\u015f\u0131mda kolayl\u0131k sa\u011flamas\u0131 ad\u0131na y\u0131lba\u015f\u0131ndan itibaren ba\u015flat\u0131lan kartl\u0131 sistem uygulamas\u0131na kar\u015f\u0131 \u00e7\u0131kan otob\u00fcs hat sahipleri bug\u00fcn i\u015f b\u0131rakma eylemi ger\u00e7ekle\u015ftirdi. Dikilita\u015f ve \u00fcniversite hatlar\u0131nda hizmet veren t\u00fcm ara\u00e7lar\u0131 U\u015fak Belediyesi ana hizmet binas\u0131 \u00f6n\u00fcne \u00e7eken hat sahipleri, vatanda\u015flar\u0131 ma\u011fdur b\u0131rakt\u0131. U\u015fak Belediyesi sosyal medya hesaplar\u0131ndan yapt\u0131\u011f\u0131 duyuruda vatanda\u015flar\u0131n ma\u011fdur olmamas\u0131 i\u00e7in belediye ara\u00e7lar\u0131n\u0131 hizmete soktu.<\/p>\n<p>Yap\u0131lan duyuruda ise &#8220;U\u015fak \u00dcniversitesi hatt\u0131nda \u00e7al\u0131\u015fan otob\u00fcslerin grev karar\u0131 almas\u0131 nedeniyle, bug\u00fcn boyunca U\u015fak Belediyesi olarak \u00fcniversite hatt\u0131nda \u00fccretsiz servisler sa\u011flamaya devam edece\u011fiz. \u00d6\u011frencilerimizin ve vatanda\u015flar\u0131m\u0131z\u0131n ula\u015f\u0131mda herhangi bir aksakl\u0131k ya\u015famamalar\u0131 i\u00e7in servislerimiz t\u00fcm g\u00fcn boyunca aktif olacakt\u0131r. Servis g\u00fczergahlar\u0131 ve saat bilgilerinde de\u011fi\u015fiklik yoktur. Hep birlikte daha g\u00fczel, ula\u015f\u0131labilir bir U\u015fak i\u00e7in \u00e7al\u0131\u015fmalar\u0131m\u0131za devam ediyoruz.&#8221; ifadeleri kullan\u0131ld\u0131.<br \/><\/p>\n","protected":false},"excerpt":{"rendered":"<p>U\u015fak Belediyesi sosyal medya hesaplar\u0131ndan, y\u0131lba\u015f\u0131ndan itibaren ba\u015flat\u0131lan kartl\u0131 sistem uygulamas\u0131na kar\u015f\u0131 \u00e7\u0131kan otob\u00fcs hat sahipleri bug\u00fcn i\u015f b\u0131rakma eylemi ger\u00e7ekle\u015ftirdi\u011fini ve vatanda\u015flar\u0131n ma\u011fdur olmamas\u0131 i\u00e7in ad\u0131na belediye ara\u00e7lar\u0131 hizmete soktu\u011funu duyurdu. U\u015fak Belediyesi taraf\u0131ndan ula\u015f\u0131mda kolayl\u0131k sa\u011flamas\u0131 ad\u0131na y\u0131lba\u015f\u0131ndan itibaren ba\u015flat\u0131lan kartl\u0131 sistem uygulamas\u0131na kar\u015f\u0131 \u00e7\u0131kan otob\u00fcs hat sahipleri bug\u00fcn i\u015f b\u0131rakma eylemi ger\u00e7ekle\u015ftirdi&#8230;.<\/p>\n","protected":false},"author":1,"featured_media":18867,"comment_status":"open","ping_status":"open","sticky":false,"template":"","format":"standard","meta":{"_crdt_document":"","footnotes":""},"categories":[123],"tags":[],"class_list":["post-18866","post","type-post","status-publish","format-standard","has-post-thumbnail","hentry","category-gundem"],"_links":{"self":[{"href":"https:\/\/www.egemtv.com\/index.php?rest_route=\/wp\/v2\/posts\/18866","targetHints":{"allow":["GET"]}}],"collection":[{"href":"https:\/\/www.egemtv.com\/index.php?rest_route=\/wp\/v2\/posts"}],"about":[{"href":"https:\/\/www.egemtv.com\/index.php?rest_route=\/wp\/v2\/types\/post"}],"author":[{"embeddable":true,"href":"https:\/\/www.egemtv.com\/index.php?rest_route=\/wp\/v2\/users\/1"}],"replies":[{"embeddable":true,"href":"https:\/\/www.egemtv.com\/index.php?rest_route=%2Fwp%2Fv2%2Fcomments&post=18866"}],"version-history":[{"count":1,"href":"https:\/\/www.egemtv.com\/index.php?rest_route=\/wp\/v2\/posts\/18866\/revisions"}],"predecessor-version":[{"id":18868,"href":"https:\/\/www.egemtv.com\/index.php?rest_route=\/wp\/v2\/posts\/18866\/revisions\/18868"}],"wp:featuredmedia":[{"embeddable":true,"href":"https:\/\/www.egemtv.com\/index.php?rest_route=\/wp\/v2\/media\/18867"}],"wp:attachment":[{"href":"https:\/\/www.egemtv.com\/index.php?rest_route=%2Fwp%2Fv2%2Fmedia&parent=18866"}],"wp:term":[{"taxonomy":"category","embeddable":true,"href":"https:\/\/www.egemtv.com\/index.php?rest_route=%2Fwp%2Fv2%2Fcategories&post=18866"},{"taxonomy":"post_tag","embeddable":true,"href":"https:\/\/www.egemtv.com\/index.php?rest_route=%2Fwp%2Fv2%2Ftags&post=18866"}],"curies":[{"name":"wp","href":"https:\/\/api.w.org\/{rel}","templated":true}]}}