{"id":18797,"date":"2025-02-14T11:34:40","date_gmt":"2025-02-14T08:34:40","guid":{"rendered":"https:\/\/www.egemtv.com\/?p=18797"},"modified":"2025-02-14T11:34:45","modified_gmt":"2025-02-14T08:34:45","slug":"kutahya-il-muftulugunden-kutahya-huzurevi-yasli-bakim-ve-rehabilitasyon-merkezinde-program","status":"publish","type":"post","link":"https:\/\/www.egemtv.com\/?p=18797","title":{"rendered":"K\u00fctahya \u0130l M\u00fcft\u00fcl\u00fc\u011f\u00fc\u2019nden K\u00fctahya Huzurevi Ya\u015fl\u0131 Bak\u0131m ve Rehabilitasyon Merkezi\u2019nde program"},"content":{"rendered":"<p>K\u00fctahya \u0130l M\u00fcft\u00fcl\u00fc\u011f\u00fc taraf\u0131ndan K\u00fctahya Huzurevi Ya\u015fl\u0131 Bak\u0131m ve Rehabilitasyon Merkezi\u2019nde Berat Kandili program\u0131 d\u00fczenlendi.<br \/>\n<br \/>K\u00fctahya \u0130l M\u00fcft\u00fcl\u00fc\u011f\u00fc Din Hizmetleri \u015eube M\u00fcd\u00fcr\u00fc Cemalettin Torun, Ahmet Yesevi Camii \u0130mam Hatibi Erhan \u00d6zkan, Zafer Camii \u0130mam Hatibi Erol \u0130pek ve Huzurevi Camii \u0130mam Hatibi \u0130smail \u00c7etin taraf\u0131ndan ger\u00e7ekle\u015ftirilen programda, huzurevinde kalan b\u00fcy\u00fcklerle bir araya gelindi.<br \/>\n<br \/>Program, Kur\u2019an-\u0131 Kerim tilaveti ile ba\u015flad\u0131 ve ard\u0131ndan Berat Kandili\u2019nin fazileti hakk\u0131nda sohbet edildi. \u0130lahi ve kasidelerin seslendirildi\u011fi program, yap\u0131lan dualarla sona erdi.<br \/>\n<br \/>K\u00fctahya \u0130l M\u00fcft\u00fcl\u00fc\u011f\u00fc yetkilileri, bu t\u00fcr manevi programlar\u0131n b\u00fcy\u00fcklerimiz i\u00e7in \u00f6nemli oldu\u011funu vurgulayarak, huzurevinde kalan vatanda\u015flarla bulu\u015fmaya devam edeceklerini belirtti.<br \/><\/p>\n","protected":false},"excerpt":{"rendered":"<p>K\u00fctahya \u0130l M\u00fcft\u00fcl\u00fc\u011f\u00fc taraf\u0131ndan K\u00fctahya Huzurevi Ya\u015fl\u0131 Bak\u0131m ve Rehabilitasyon Merkezi\u2019nde Berat Kandili program\u0131 d\u00fczenlendi. K\u00fctahya \u0130l M\u00fcft\u00fcl\u00fc\u011f\u00fc Din Hizmetleri \u015eube M\u00fcd\u00fcr\u00fc Cemalettin Torun, Ahmet Yesevi Camii \u0130mam Hatibi Erhan \u00d6zkan, Zafer Camii \u0130mam Hatibi Erol \u0130pek ve Huzurevi Camii \u0130mam Hatibi \u0130smail \u00c7etin taraf\u0131ndan ger\u00e7ekle\u015ftirilen programda, huzurevinde kalan b\u00fcy\u00fcklerle bir araya gelindi. Program, Kur\u2019an-\u0131&#8230;<\/p>\n","protected":false},"author":1,"featured_media":18798,"comment_status":"open","ping_status":"open","sticky":false,"template":"","format":"standard","meta":{"_crdt_document":"","footnotes":""},"categories":[123],"tags":[],"class_list":["post-18797","post","type-post","status-publish","format-standard","has-post-thumbnail","hentry","category-gundem"],"_links":{"self":[{"href":"https:\/\/www.egemtv.com\/index.php?rest_route=\/wp\/v2\/posts\/18797","targetHints":{"allow":["GET"]}}],"collection":[{"href":"https:\/\/www.egemtv.com\/index.php?rest_route=\/wp\/v2\/posts"}],"about":[{"href":"https:\/\/www.egemtv.com\/index.php?rest_route=\/wp\/v2\/types\/post"}],"author":[{"embeddable":true,"href":"https:\/\/www.egemtv.com\/index.php?rest_route=\/wp\/v2\/users\/1"}],"replies":[{"embeddable":true,"href":"https:\/\/www.egemtv.com\/index.php?rest_route=%2Fwp%2Fv2%2Fcomments&post=18797"}],"version-history":[{"count":1,"href":"https:\/\/www.egemtv.com\/index.php?rest_route=\/wp\/v2\/posts\/18797\/revisions"}],"predecessor-version":[{"id":18799,"href":"https:\/\/www.egemtv.com\/index.php?rest_route=\/wp\/v2\/posts\/18797\/revisions\/18799"}],"wp:featuredmedia":[{"embeddable":true,"href":"https:\/\/www.egemtv.com\/index.php?rest_route=\/wp\/v2\/media\/18798"}],"wp:attachment":[{"href":"https:\/\/www.egemtv.com\/index.php?rest_route=%2Fwp%2Fv2%2Fmedia&parent=18797"}],"wp:term":[{"taxonomy":"category","embeddable":true,"href":"https:\/\/www.egemtv.com\/index.php?rest_route=%2Fwp%2Fv2%2Fcategories&post=18797"},{"taxonomy":"post_tag","embeddable":true,"href":"https:\/\/www.egemtv.com\/index.php?rest_route=%2Fwp%2Fv2%2Ftags&post=18797"}],"curies":[{"name":"wp","href":"https:\/\/api.w.org\/{rel}","templated":true}]}}