{"id":18791,"date":"2025-02-14T11:34:29","date_gmt":"2025-02-14T08:34:29","guid":{"rendered":"https:\/\/www.egemtv.com\/?p=18791"},"modified":"2025-02-14T11:34:34","modified_gmt":"2025-02-14T08:34:34","slug":"kutahya-il-milli-egitim-muduru-mustafa-yilmazdan-altintasa-inceleme-ziyareti","status":"publish","type":"post","link":"https:\/\/www.egemtv.com\/?p=18791","title":{"rendered":"K\u00fctahya \u0130l Mill\u00ee E\u011fitim M\u00fcd\u00fcr\u00fc Mustafa Y\u0131lmaz\u2019dan Alt\u0131nta\u015f\u2019a inceleme ziyareti"},"content":{"rendered":"<p>K\u00fctahya \u0130l Mill\u00ee E\u011fitim M\u00fcd\u00fcr\u00fc Mustafa Y\u0131lmaz ve Mill\u00ee E\u011fitim M\u00fcd\u00fcr Yard\u0131mc\u0131s\u0131 Hakan G\u00f6lp\u0131nar, Alt\u0131nta\u015f il\u00e7esine ziyaret ger\u00e7ekle\u015ftirerek e\u011fitim \u00f6\u011fretim faaliyetlerini yerinde inceledi.<br \/>\n<br \/>\u0130lk olarak Alt\u0131nta\u015f Kaymakam\u0131 Ekrem G\u00fcdek\u2019i makam\u0131nda ziyaret eden Mustafa Y\u0131lmaz, il\u00e7edeki e\u011fitim kalitesinin art\u0131r\u0131lmas\u0131 i\u00e7in y\u00fcr\u00fct\u00fclen \u00e7al\u0131\u015fmalar hakk\u0131nda de\u011ferlendirmelerde bulundu. Yerel y\u00f6netimler, \u00f6\u011fretmenler ve idareciler aras\u0131ndaki g\u00fc\u00e7l\u00fc i\u015f birli\u011finin \u00f6nemine vurgu yap\u0131lan g\u00f6r\u00fc\u015fmede, e\u011fitim s\u00fcre\u00e7leriyle ilgili bilgi al\u0131\u015fveri\u015finde bulunuldu. Ziyarette \u0130l Mill\u00ee E\u011fitim M\u00fcd\u00fcr Yard\u0131mc\u0131s\u0131 Hakan G\u00f6lp\u0131nar ve Alt\u0131nta\u015f \u0130l\u00e7e Mill\u00ee E\u011fitim M\u00fcd\u00fcr\u00fc \u0130smail \u00d6zden de haz\u0131r bulundu.<br \/>\n<br \/>K\u00fctahya \u0130l Mill\u00ee E\u011fitim M\u00fcd\u00fcr\u00fc Mustafa Y\u0131lmaz ve M\u00fcd\u00fcr Yard\u0131mc\u0131s\u0131 Hakan G\u00f6lp\u0131nar, Alt\u0131nta\u015f \u0130l\u00e7e Mill\u00ee E\u011fitim M\u00fcd\u00fcrl\u00fc\u011f\u00fc\u2019n\u00fc ziyaret ederek \u0130l\u00e7e Mill\u00ee E\u011fitim M\u00fcd\u00fcr\u00fc \u0130smail \u00d6zden ve \u015fube m\u00fcd\u00fcrleriyle bir araya geldi. Ziyarette il\u00e7edeki e\u011fitim \u00f6\u011fretim s\u00fcre\u00e7leri hakk\u0131nda detayl\u0131 bir brifing al\u0131nd\u0131.<br \/>\n<br \/>Daha sonra Kaymakaml\u0131k binas\u0131nda okul ve kurum y\u00f6neticileriyle bir toplant\u0131 ger\u00e7ekle\u015ftiren Y\u0131lmaz, e\u011fitim \u00f6\u011fretimin sadece bilgi aktar\u0131m\u0131yla s\u0131n\u0131rl\u0131 olmad\u0131\u011f\u0131n\u0131, de\u011ferler e\u011fitimi ile desteklenmesi gerekti\u011fini belirtti. T\u00fcrkiye Y\u00fczy\u0131l\u0131 Maarif Modeli\u2019nin uygulanabilirli\u011fi, \u00f6\u011frencilerin yar\u0131\u015fma bask\u0131s\u0131ndan uzak bir e\u011fitim ortam\u0131nda yeti\u015ftirilmesi, velilerin e\u011fitime daha aktif kat\u0131l\u0131m\u0131n\u0131n sa\u011flanmas\u0131 ve ebeveyn okulu projelerinin \u00f6nemi toplant\u0131n\u0131n ana g\u00fcndem maddeleri aras\u0131nda yer ald\u0131.<br \/>\n<br \/>Toplant\u0131da ayr\u0131ca, mesleki e\u011fitimin g\u00fc\u00e7lendirilmesi, akademik e\u011fitime y\u00f6nelmeyen \u00f6\u011frencilerin mesleki e\u011fitime te\u015fvik edilmesi ve velilerin bu s\u00fcre\u00e7te bilin\u00e7lendirilmesi konular\u0131 ele al\u0131nd\u0131. T\u00fcrk\u00e7enin do\u011fru kullan\u0131m\u0131 ve de\u011ferler e\u011fitimi gibi temel e\u011fitim unsurlar\u0131 da vurguland\u0131.<\/p>\n<p>Okul ziyaretleri ve \u00f6\u011frencilerle bulu\u015fma<br \/>\n<br \/>Alt\u0131nta\u015f\u2019taki program kapsam\u0131nda \u0130stiklal \u0130lkokulu ve Zafer \u0130lkokulu\u2019nu ziyaret eden Mustafa Y\u0131lmaz, \u00f6\u011frencilerle s\u0131n\u0131flar\u0131nda bir araya gelerek onlar\u0131n e\u011fitim s\u00fcreci hakk\u0131ndaki d\u00fc\u015f\u00fcncelerini dinledi. S\u0131n\u0131f ziyaretlerinin ard\u0131ndan \u00f6\u011fretmenler odas\u0131nda \u00f6\u011fretmenlerle g\u00f6r\u00fc\u015ferek e\u011fitim \u00f6\u011fretim faaliyetleri hakk\u0131nda bilgi ald\u0131.<br \/>\n<br \/>E\u011fitimin kalitesini art\u0131rmaya y\u00f6nelik \u00e7al\u0131\u015fmalar\u0131n kararl\u0131l\u0131kla s\u00fcrd\u00fcr\u00fclece\u011fini belirten Y\u0131lmaz, \u00f6\u011fretmenlerin e\u011fitimde oynad\u0131\u011f\u0131 kritik rol\u00fcn alt\u0131n\u0131 \u00e7izerek, \u00f6\u011frencilerin gelece\u011fe en iyi \u015fekilde haz\u0131rlanmas\u0131 i\u00e7in verilen eme\u011fin b\u00fcy\u00fck \u00f6nem ta\u015f\u0131d\u0131\u011f\u0131n\u0131 ifade etti. E\u011fitim s\u00fcrecini daha verimli hale getirmek i\u00e7in her t\u00fcrl\u00fc \u00f6neriye a\u00e7\u0131k olduklar\u0131n\u0131 dile getiren Y\u0131lmaz, \u00f6\u011fretmen ve y\u00f6neticilere \u00e7al\u0131\u015fmalar\u0131nda ba\u015far\u0131lar diledi.<br \/><\/p>\n","protected":false},"excerpt":{"rendered":"<p>K\u00fctahya \u0130l Mill\u00ee E\u011fitim M\u00fcd\u00fcr\u00fc Mustafa Y\u0131lmaz ve Mill\u00ee E\u011fitim M\u00fcd\u00fcr Yard\u0131mc\u0131s\u0131 Hakan G\u00f6lp\u0131nar, Alt\u0131nta\u015f il\u00e7esine ziyaret ger\u00e7ekle\u015ftirerek e\u011fitim \u00f6\u011fretim faaliyetlerini yerinde inceledi. \u0130lk olarak Alt\u0131nta\u015f Kaymakam\u0131 Ekrem G\u00fcdek\u2019i makam\u0131nda ziyaret eden Mustafa Y\u0131lmaz, il\u00e7edeki e\u011fitim kalitesinin art\u0131r\u0131lmas\u0131 i\u00e7in y\u00fcr\u00fct\u00fclen \u00e7al\u0131\u015fmalar hakk\u0131nda de\u011ferlendirmelerde bulundu. Yerel y\u00f6netimler, \u00f6\u011fretmenler ve idareciler aras\u0131ndaki g\u00fc\u00e7l\u00fc i\u015f birli\u011finin \u00f6nemine vurgu&#8230;<\/p>\n","protected":false},"author":1,"featured_media":18792,"comment_status":"open","ping_status":"open","sticky":false,"template":"","format":"standard","meta":{"_crdt_document":"","footnotes":""},"categories":[1],"tags":[],"class_list":["post-18791","post","type-post","status-publish","format-standard","has-post-thumbnail","hentry","category-guncel"],"_links":{"self":[{"href":"https:\/\/www.egemtv.com\/index.php?rest_route=\/wp\/v2\/posts\/18791","targetHints":{"allow":["GET"]}}],"collection":[{"href":"https:\/\/www.egemtv.com\/index.php?rest_route=\/wp\/v2\/posts"}],"about":[{"href":"https:\/\/www.egemtv.com\/index.php?rest_route=\/wp\/v2\/types\/post"}],"author":[{"embeddable":true,"href":"https:\/\/www.egemtv.com\/index.php?rest_route=\/wp\/v2\/users\/1"}],"replies":[{"embeddable":true,"href":"https:\/\/www.egemtv.com\/index.php?rest_route=%2Fwp%2Fv2%2Fcomments&post=18791"}],"version-history":[{"count":1,"href":"https:\/\/www.egemtv.com\/index.php?rest_route=\/wp\/v2\/posts\/18791\/revisions"}],"predecessor-version":[{"id":18793,"href":"https:\/\/www.egemtv.com\/index.php?rest_route=\/wp\/v2\/posts\/18791\/revisions\/18793"}],"wp:featuredmedia":[{"embeddable":true,"href":"https:\/\/www.egemtv.com\/index.php?rest_route=\/wp\/v2\/media\/18792"}],"wp:attachment":[{"href":"https:\/\/www.egemtv.com\/index.php?rest_route=%2Fwp%2Fv2%2Fmedia&parent=18791"}],"wp:term":[{"taxonomy":"category","embeddable":true,"href":"https:\/\/www.egemtv.com\/index.php?rest_route=%2Fwp%2Fv2%2Fcategories&post=18791"},{"taxonomy":"post_tag","embeddable":true,"href":"https:\/\/www.egemtv.com\/index.php?rest_route=%2Fwp%2Fv2%2Ftags&post=18791"}],"curies":[{"name":"wp","href":"https:\/\/api.w.org\/{rel}","templated":true}]}}