{"id":18785,"date":"2025-02-14T11:24:16","date_gmt":"2025-02-14T08:24:16","guid":{"rendered":"https:\/\/www.egemtv.com\/?p=18785"},"modified":"2025-02-14T11:24:21","modified_gmt":"2025-02-14T08:24:21","slug":"kutahyada-yenidogan-canlandirma-uygulayici-egitimi-gerceklestirildi","status":"publish","type":"post","link":"https:\/\/www.egemtv.com\/?p=18785","title":{"rendered":"K\u00fctahya\u2019da &#8220;Yenido\u011fan canland\u0131rma uygulay\u0131c\u0131&#8221; e\u011fitimi ger\u00e7ekle\u015ftirildi"},"content":{"rendered":"<p>D\u00fcnyada oldu\u011fu gibi T\u00fcrkiye\u2019de de \u00f6nemli bir neonatal problem olan asfiksiye ba\u011fl\u0131 \u00f6l\u00fcmleri ve sekelleri \u00f6nlemek amac\u0131yla y\u00fcr\u00fct\u00fclen Yenido\u011fan Canland\u0131rma Program\u0131 (NRP) kapsam\u0131nda K\u00fctahya\u2019da uygulay\u0131c\u0131 e\u011fitimi d\u00fczenlendi.<br \/>\n<br \/>K\u00fctahya \u0130l Sa\u011fl\u0131k M\u00fcd\u00fcrl\u00fc\u011f\u00fc \u00c7ocuk, Ergen, Kad\u0131n ve \u00dcreme Sa\u011fl\u0131\u011f\u0131 Hizmetleri Birimi koordinat\u00f6rl\u00fc\u011f\u00fcnde ger\u00e7ekle\u015ftirilen e\u011fitime, \u00fcniversite, kamu ve \u00f6zel hastanelerden 50 sa\u011fl\u0131k personeli kat\u0131ld\u0131. E\u011fitim program\u0131nda, do\u011fum salonlar\u0131nda g\u00f6rev yapan sa\u011fl\u0131k \u00e7al\u0131\u015fanlar\u0131n\u0131n standart canland\u0131rma uygulamalar\u0131n\u0131 \u00f6\u011frenmeleri ve temel res\u00fcsitasyon becerilerini kazanmalar\u0131 ama\u00e7land\u0131. E\u011fitmenler aras\u0131nda Kurs Sorumlusu Hem\u015fire Ebru Uzar ile birlikte \u00c7ocuk Hastal\u0131klar\u0131 Uzmanlar\u0131 Dr. Ebru Buldu, Dr. Nur \u00d6nen, Dr. Ay\u015fe \u00d6zkan, Dr. Fatma Dilan \u00d6zdemir, Dr. S\u0131la Serin, Hem\u015fire Nazmi Kanad, Ebe \u0130lkay Muti ve Hem\u015fire Song\u00fcl Arslant\u00fcrk yer ald\u0131.<br \/>\n<br \/>E\u011fitim sonunda kursiyerlere sertifikalar\u0131 takdim edildi. K\u00fctahya \u0130l Sa\u011fl\u0131k M\u00fcd\u00fcrl\u00fc\u011f\u00fc yetkilileri, her do\u011fum salonunda e\u011fitilmi\u015f en az bir personelin bulunmas\u0131n\u0131 sa\u011flamak ve neonatal \u00f6l\u00fcmleri en aza indirmek amac\u0131yla bu t\u00fcr e\u011fitimlerin devam edece\u011fini belirtti.<br \/><\/p>\n","protected":false},"excerpt":{"rendered":"<p>D\u00fcnyada oldu\u011fu gibi T\u00fcrkiye\u2019de de \u00f6nemli bir neonatal problem olan asfiksiye ba\u011fl\u0131 \u00f6l\u00fcmleri ve sekelleri \u00f6nlemek amac\u0131yla y\u00fcr\u00fct\u00fclen Yenido\u011fan Canland\u0131rma Program\u0131 (NRP) kapsam\u0131nda K\u00fctahya\u2019da uygulay\u0131c\u0131 e\u011fitimi d\u00fczenlendi. K\u00fctahya \u0130l Sa\u011fl\u0131k M\u00fcd\u00fcrl\u00fc\u011f\u00fc \u00c7ocuk, Ergen, Kad\u0131n ve \u00dcreme Sa\u011fl\u0131\u011f\u0131 Hizmetleri Birimi koordinat\u00f6rl\u00fc\u011f\u00fcnde ger\u00e7ekle\u015ftirilen e\u011fitime, \u00fcniversite, kamu ve \u00f6zel hastanelerden 50 sa\u011fl\u0131k personeli kat\u0131ld\u0131. E\u011fitim program\u0131nda, do\u011fum salonlar\u0131nda&#8230;<\/p>\n","protected":false},"author":1,"featured_media":18786,"comment_status":"open","ping_status":"open","sticky":false,"template":"","format":"standard","meta":{"_crdt_document":"","footnotes":""},"categories":[2],"tags":[],"class_list":["post-18785","post","type-post","status-publish","format-standard","has-post-thumbnail","hentry","category-saglik"],"_links":{"self":[{"href":"https:\/\/www.egemtv.com\/index.php?rest_route=\/wp\/v2\/posts\/18785","targetHints":{"allow":["GET"]}}],"collection":[{"href":"https:\/\/www.egemtv.com\/index.php?rest_route=\/wp\/v2\/posts"}],"about":[{"href":"https:\/\/www.egemtv.com\/index.php?rest_route=\/wp\/v2\/types\/post"}],"author":[{"embeddable":true,"href":"https:\/\/www.egemtv.com\/index.php?rest_route=\/wp\/v2\/users\/1"}],"replies":[{"embeddable":true,"href":"https:\/\/www.egemtv.com\/index.php?rest_route=%2Fwp%2Fv2%2Fcomments&post=18785"}],"version-history":[{"count":1,"href":"https:\/\/www.egemtv.com\/index.php?rest_route=\/wp\/v2\/posts\/18785\/revisions"}],"predecessor-version":[{"id":18787,"href":"https:\/\/www.egemtv.com\/index.php?rest_route=\/wp\/v2\/posts\/18785\/revisions\/18787"}],"wp:featuredmedia":[{"embeddable":true,"href":"https:\/\/www.egemtv.com\/index.php?rest_route=\/wp\/v2\/media\/18786"}],"wp:attachment":[{"href":"https:\/\/www.egemtv.com\/index.php?rest_route=%2Fwp%2Fv2%2Fmedia&parent=18785"}],"wp:term":[{"taxonomy":"category","embeddable":true,"href":"https:\/\/www.egemtv.com\/index.php?rest_route=%2Fwp%2Fv2%2Fcategories&post=18785"},{"taxonomy":"post_tag","embeddable":true,"href":"https:\/\/www.egemtv.com\/index.php?rest_route=%2Fwp%2Fv2%2Ftags&post=18785"}],"curies":[{"name":"wp","href":"https:\/\/api.w.org\/{rel}","templated":true}]}}