{"id":18782,"date":"2025-02-14T11:23:35","date_gmt":"2025-02-14T08:23:35","guid":{"rendered":"https:\/\/www.egemtv.com\/?p=18782"},"modified":"2025-02-14T11:23:40","modified_gmt":"2025-02-14T08:23:40","slug":"hsk-basmufettisi-ve-beraberindeki-heyetten-vali-musa-isina-ziyaret","status":"publish","type":"post","link":"https:\/\/www.egemtv.com\/?p=18782","title":{"rendered":"HSK Ba\u015fm\u00fcfetti\u015fi ve beraberindeki heyetten Vali Musa I\u015f\u0131n\u2019a ziyaret"},"content":{"rendered":"<p>Hakimler ve Savc\u0131lar Kurulu (HSK) Ba\u015fm\u00fcfetti\u015fi Mustafa G\u00fcntin ve beraberindeki heyet, K\u00fctahya Valisi Musa I\u015f\u0131n\u2019\u0131 makam\u0131nda ziyaret etti.<br \/>\n<br \/>Ziyarette HSK M\u00fcfetti\u015fleri Erkan Ers\u00f6nmez, Hasan Budako\u011flu ve Tayfun Vapur\u2019un yan\u0131 s\u0131ra K\u00fctahya Cumhuriyet Ba\u015fsavc\u0131s\u0131 Mehmet Uzun, Adli Yarg\u0131 \u0130lk Derece Mahkemesi Adalet Komisyonu Ba\u015fkan\u0131 Sava\u015f Tek ve \u0130dare Mahkemesi Ba\u015fkan\u0131 Abdulkadir Ho\u015faf da yer ald\u0131.<br \/>\n<br \/>G\u00f6r\u00fc\u015fmede, adli hizmetlerin i\u015fleyi\u015fi ve yarg\u0131 s\u00fcre\u00e7lerine dair de\u011ferlendirmelerde bulunuldu. Ziyaretten duydu\u011fu memnuniyeti dile getiren Vali I\u015f\u0131n, heyete ziyaretleri i\u00e7in te\u015fekk\u00fcr etti.<br \/><\/p>\n","protected":false},"excerpt":{"rendered":"<p>Hakimler ve Savc\u0131lar Kurulu (HSK) Ba\u015fm\u00fcfetti\u015fi Mustafa G\u00fcntin ve beraberindeki heyet, K\u00fctahya Valisi Musa I\u015f\u0131n\u2019\u0131 makam\u0131nda ziyaret etti. Ziyarette HSK M\u00fcfetti\u015fleri Erkan Ers\u00f6nmez, Hasan Budako\u011flu ve Tayfun Vapur\u2019un yan\u0131 s\u0131ra K\u00fctahya Cumhuriyet Ba\u015fsavc\u0131s\u0131 Mehmet Uzun, Adli Yarg\u0131 \u0130lk Derece Mahkemesi Adalet Komisyonu Ba\u015fkan\u0131 Sava\u015f Tek ve \u0130dare Mahkemesi Ba\u015fkan\u0131 Abdulkadir Ho\u015faf da yer ald\u0131. G\u00f6r\u00fc\u015fmede,&#8230;<\/p>\n","protected":false},"author":1,"featured_media":18783,"comment_status":"open","ping_status":"open","sticky":false,"template":"","format":"standard","meta":{"_crdt_document":"","footnotes":""},"categories":[123],"tags":[],"class_list":["post-18782","post","type-post","status-publish","format-standard","has-post-thumbnail","hentry","category-gundem"],"_links":{"self":[{"href":"https:\/\/www.egemtv.com\/index.php?rest_route=\/wp\/v2\/posts\/18782","targetHints":{"allow":["GET"]}}],"collection":[{"href":"https:\/\/www.egemtv.com\/index.php?rest_route=\/wp\/v2\/posts"}],"about":[{"href":"https:\/\/www.egemtv.com\/index.php?rest_route=\/wp\/v2\/types\/post"}],"author":[{"embeddable":true,"href":"https:\/\/www.egemtv.com\/index.php?rest_route=\/wp\/v2\/users\/1"}],"replies":[{"embeddable":true,"href":"https:\/\/www.egemtv.com\/index.php?rest_route=%2Fwp%2Fv2%2Fcomments&post=18782"}],"version-history":[{"count":1,"href":"https:\/\/www.egemtv.com\/index.php?rest_route=\/wp\/v2\/posts\/18782\/revisions"}],"predecessor-version":[{"id":18784,"href":"https:\/\/www.egemtv.com\/index.php?rest_route=\/wp\/v2\/posts\/18782\/revisions\/18784"}],"wp:featuredmedia":[{"embeddable":true,"href":"https:\/\/www.egemtv.com\/index.php?rest_route=\/wp\/v2\/media\/18783"}],"wp:attachment":[{"href":"https:\/\/www.egemtv.com\/index.php?rest_route=%2Fwp%2Fv2%2Fmedia&parent=18782"}],"wp:term":[{"taxonomy":"category","embeddable":true,"href":"https:\/\/www.egemtv.com\/index.php?rest_route=%2Fwp%2Fv2%2Fcategories&post=18782"},{"taxonomy":"post_tag","embeddable":true,"href":"https:\/\/www.egemtv.com\/index.php?rest_route=%2Fwp%2Fv2%2Ftags&post=18782"}],"curies":[{"name":"wp","href":"https:\/\/api.w.org\/{rel}","templated":true}]}}