{"id":18779,"date":"2025-02-14T11:23:31","date_gmt":"2025-02-14T08:23:31","guid":{"rendered":"https:\/\/www.egemtv.com\/?p=18779"},"modified":"2025-02-14T11:23:35","modified_gmt":"2025-02-14T08:23:35","slug":"kutahya-belediyesinden-ogrencilere-sifir-atik-egitimi","status":"publish","type":"post","link":"https:\/\/www.egemtv.com\/?p=18779","title":{"rendered":"K\u00fctahya Belediyesi\u2019nden \u00f6\u011frencilere &#8220;S\u0131f\u0131r At\u0131k&#8221; e\u011fitimi"},"content":{"rendered":"<p>K\u00fctahya Belediyesi, \u00e7evre bilincini art\u0131rmak ve s\u0131f\u0131r at\u0131k anlay\u0131\u015f\u0131n\u0131 topluma kazand\u0131rmak amac\u0131yla okullarda d\u00fczenledi\u011fi e\u011fitim programlar\u0131na h\u0131z kesmeden devam ediyor.<br \/>\n<br \/>Belediyenin \u0130klim De\u011fi\u015fikli\u011fi ve S\u0131f\u0131r At\u0131k M\u00fcd\u00fcrl\u00fc\u011f\u00fc taraf\u0131ndan Cahit Zarifo\u011flu \u0130lkokulu ile Ticaret Borsas\u0131 B\u00f6lcek \u0130lkokulu ve Ortaokulu\u2019nda ger\u00e7ekle\u015ftirilen &#8220;S\u0131f\u0131r At\u0131k&#8221; konulu e\u011fitim, \u00f6\u011fretmenler ve \u00f6\u011frencilerden b\u00fcy\u00fck ilgi g\u00f6rd\u00fc.<br \/>\n<br \/>E\u011fitimde, s\u0131f\u0131r at\u0131k al\u0131\u015fkanl\u0131\u011f\u0131n\u0131n k\u00fc\u00e7\u00fck ya\u015flardan itibaren kazand\u0131r\u0131lmas\u0131n\u0131n \u00f6nemi vurgulan\u0131rken; evde, okulda ve sosyal ya\u015famda s\u0131f\u0131r at\u0131k ilkelerinin nas\u0131l uygulanabilece\u011fi, at\u0131klar\u0131n kayna\u011f\u0131nda ayr\u0131\u015ft\u0131r\u0131lmas\u0131 ve geri d\u00f6n\u00fc\u015f\u00fcm s\u00fcre\u00e7leri detayl\u0131 bir \u015fekilde anlat\u0131ld\u0131. Ayr\u0131ca, K\u00fctahya Belediyesi\u2019nin \u00e7evre projeleri ve \u00e7al\u0131\u015fmalar\u0131 hakk\u0131nda \u00f6nemli bilgiler payla\u015f\u0131ld\u0131.<br \/>\n<br \/>At\u0131k t\u00fcrlerinin \u00e7evreye verdi\u011fi olumsuz etkiler \u00fczerinde de duran yetkililer, do\u011faya duyarl\u0131 bir ya\u015fam i\u00e7in fark\u0131ndal\u0131k olu\u015fturmay\u0131 ama\u00e7lad\u0131klar\u0131n\u0131 belirtti.<br \/><\/p>\n","protected":false},"excerpt":{"rendered":"<p>K\u00fctahya Belediyesi, \u00e7evre bilincini art\u0131rmak ve s\u0131f\u0131r at\u0131k anlay\u0131\u015f\u0131n\u0131 topluma kazand\u0131rmak amac\u0131yla okullarda d\u00fczenledi\u011fi e\u011fitim programlar\u0131na h\u0131z kesmeden devam ediyor. Belediyenin \u0130klim De\u011fi\u015fikli\u011fi ve S\u0131f\u0131r At\u0131k M\u00fcd\u00fcrl\u00fc\u011f\u00fc taraf\u0131ndan Cahit Zarifo\u011flu \u0130lkokulu ile Ticaret Borsas\u0131 B\u00f6lcek \u0130lkokulu ve Ortaokulu\u2019nda ger\u00e7ekle\u015ftirilen &#8220;S\u0131f\u0131r At\u0131k&#8221; konulu e\u011fitim, \u00f6\u011fretmenler ve \u00f6\u011frencilerden b\u00fcy\u00fck ilgi g\u00f6rd\u00fc. E\u011fitimde, s\u0131f\u0131r at\u0131k al\u0131\u015fkanl\u0131\u011f\u0131n\u0131n k\u00fc\u00e7\u00fck ya\u015flardan&#8230;<\/p>\n","protected":false},"author":1,"featured_media":18780,"comment_status":"open","ping_status":"open","sticky":false,"template":"","format":"standard","meta":{"_crdt_document":"","footnotes":""},"categories":[1],"tags":[],"class_list":["post-18779","post","type-post","status-publish","format-standard","has-post-thumbnail","hentry","category-guncel"],"_links":{"self":[{"href":"https:\/\/www.egemtv.com\/index.php?rest_route=\/wp\/v2\/posts\/18779","targetHints":{"allow":["GET"]}}],"collection":[{"href":"https:\/\/www.egemtv.com\/index.php?rest_route=\/wp\/v2\/posts"}],"about":[{"href":"https:\/\/www.egemtv.com\/index.php?rest_route=\/wp\/v2\/types\/post"}],"author":[{"embeddable":true,"href":"https:\/\/www.egemtv.com\/index.php?rest_route=\/wp\/v2\/users\/1"}],"replies":[{"embeddable":true,"href":"https:\/\/www.egemtv.com\/index.php?rest_route=%2Fwp%2Fv2%2Fcomments&post=18779"}],"version-history":[{"count":1,"href":"https:\/\/www.egemtv.com\/index.php?rest_route=\/wp\/v2\/posts\/18779\/revisions"}],"predecessor-version":[{"id":18781,"href":"https:\/\/www.egemtv.com\/index.php?rest_route=\/wp\/v2\/posts\/18779\/revisions\/18781"}],"wp:featuredmedia":[{"embeddable":true,"href":"https:\/\/www.egemtv.com\/index.php?rest_route=\/wp\/v2\/media\/18780"}],"wp:attachment":[{"href":"https:\/\/www.egemtv.com\/index.php?rest_route=%2Fwp%2Fv2%2Fmedia&parent=18779"}],"wp:term":[{"taxonomy":"category","embeddable":true,"href":"https:\/\/www.egemtv.com\/index.php?rest_route=%2Fwp%2Fv2%2Fcategories&post=18779"},{"taxonomy":"post_tag","embeddable":true,"href":"https:\/\/www.egemtv.com\/index.php?rest_route=%2Fwp%2Fv2%2Ftags&post=18779"}],"curies":[{"name":"wp","href":"https:\/\/api.w.org\/{rel}","templated":true}]}}