{"id":18773,"date":"2025-02-14T11:23:19","date_gmt":"2025-02-14T08:23:19","guid":{"rendered":"https:\/\/www.egemtv.com\/?p=18773"},"modified":"2025-02-14T11:23:25","modified_gmt":"2025-02-14T08:23:25","slug":"liseli-gencler-kan-bagisina-dikkat-cekti","status":"publish","type":"post","link":"https:\/\/www.egemtv.com\/?p=18773","title":{"rendered":"Liseli gen\u00e7ler kan ba\u011f\u0131\u015f\u0131na dikkat \u00e7ekti"},"content":{"rendered":"<p>Ayd\u0131n Sosyal Bilimler Lisesi\u2019nde e\u011fitim g\u00f6ren liseli gen\u00e7ler ve \u00f6\u011fretmenler d\u00fczenlenen kampanya ile kan ba\u011f\u0131\u015f\u0131n\u0131n \u00f6nemine dikkat \u00e7ekerek, kan verdi.<\/p>\n<p>Her ge\u00e7en g\u00fcn kan ba\u011f\u0131\u015f\u0131n\u0131n \u00f6nemi bir kez daha g\u00fcn y\u00fcz\u00fcne \u00e7\u0131karken, Ayd\u0131n\u2019da liseli gen\u00e7ler kan ba\u011f\u0131\u015f\u0131na dikkat \u00e7ekti. Efeler il\u00e7esinde bulunan Ayd\u0131n Sosyal Bilimler Lisesi\u2019nde kan ba\u011f\u0131\u015f\u0131 kampanyas\u0131 d\u00fczenlendi. Ger\u00e7ekle\u015ftirilen kampanyaya destek veren liseli gen\u00e7ler ve \u00f6\u011fretmenler ise &#8220;kan\u0131n bir g\u00fcn de\u011fil her g\u00fcn ihtiya\u00e7&#8221; oldu\u011funa dikkat \u00e7ekerek kampanyaya destek verdi. Kan ba\u011f\u0131\u015f\u0131nda bulunarak fark\u0131ndal\u0131k olu\u015fturan \u00f6\u011frenciler, kan\u0131n temininin yaln\u0131zca insan oldu\u011funu hat\u0131rlatarak, herkesi kan ba\u011f\u0131\u015f\u0131 yapmaya davet etti.<\/p>\n<p>Konu ile ilgili Ayd\u0131n Sosyal Bilimler Lisesi\u2019nden yap\u0131lan payla\u015f\u0131mda &#8220;Okulumuzda K\u0131z\u0131lay \u0130\u015fbirli\u011fi ile kan ba\u011f\u0131\u015f\u0131 kampanyas\u0131 ger\u00e7ekle\u015ftirdik. K\u0131z\u0131lay yetkilileri ba\u015fta olmak \u00fczere T\u00fcm ba\u011f\u0131\u015f yapan, \u00f6\u011fretmen, \u00f6\u011frenci, personel ve mahalle sakinlerimize te\u015fekk\u00fcr ederiz&#8221; ifadeleri yer ald\u0131.<br \/><\/p>\n","protected":false},"excerpt":{"rendered":"<p>Ayd\u0131n Sosyal Bilimler Lisesi\u2019nde e\u011fitim g\u00f6ren liseli gen\u00e7ler ve \u00f6\u011fretmenler d\u00fczenlenen kampanya ile kan ba\u011f\u0131\u015f\u0131n\u0131n \u00f6nemine dikkat \u00e7ekerek, kan verdi. Her ge\u00e7en g\u00fcn kan ba\u011f\u0131\u015f\u0131n\u0131n \u00f6nemi bir kez daha g\u00fcn y\u00fcz\u00fcne \u00e7\u0131karken, Ayd\u0131n\u2019da liseli gen\u00e7ler kan ba\u011f\u0131\u015f\u0131na dikkat \u00e7ekti. Efeler il\u00e7esinde bulunan Ayd\u0131n Sosyal Bilimler Lisesi\u2019nde kan ba\u011f\u0131\u015f\u0131 kampanyas\u0131 d\u00fczenlendi. Ger\u00e7ekle\u015ftirilen kampanyaya destek veren liseli&#8230;<\/p>\n","protected":false},"author":1,"featured_media":18774,"comment_status":"open","ping_status":"open","sticky":false,"template":"","format":"standard","meta":{"_crdt_document":"","footnotes":""},"categories":[2],"tags":[],"class_list":["post-18773","post","type-post","status-publish","format-standard","has-post-thumbnail","hentry","category-saglik"],"_links":{"self":[{"href":"https:\/\/www.egemtv.com\/index.php?rest_route=\/wp\/v2\/posts\/18773","targetHints":{"allow":["GET"]}}],"collection":[{"href":"https:\/\/www.egemtv.com\/index.php?rest_route=\/wp\/v2\/posts"}],"about":[{"href":"https:\/\/www.egemtv.com\/index.php?rest_route=\/wp\/v2\/types\/post"}],"author":[{"embeddable":true,"href":"https:\/\/www.egemtv.com\/index.php?rest_route=\/wp\/v2\/users\/1"}],"replies":[{"embeddable":true,"href":"https:\/\/www.egemtv.com\/index.php?rest_route=%2Fwp%2Fv2%2Fcomments&post=18773"}],"version-history":[{"count":1,"href":"https:\/\/www.egemtv.com\/index.php?rest_route=\/wp\/v2\/posts\/18773\/revisions"}],"predecessor-version":[{"id":18775,"href":"https:\/\/www.egemtv.com\/index.php?rest_route=\/wp\/v2\/posts\/18773\/revisions\/18775"}],"wp:featuredmedia":[{"embeddable":true,"href":"https:\/\/www.egemtv.com\/index.php?rest_route=\/wp\/v2\/media\/18774"}],"wp:attachment":[{"href":"https:\/\/www.egemtv.com\/index.php?rest_route=%2Fwp%2Fv2%2Fmedia&parent=18773"}],"wp:term":[{"taxonomy":"category","embeddable":true,"href":"https:\/\/www.egemtv.com\/index.php?rest_route=%2Fwp%2Fv2%2Fcategories&post=18773"},{"taxonomy":"post_tag","embeddable":true,"href":"https:\/\/www.egemtv.com\/index.php?rest_route=%2Fwp%2Fv2%2Ftags&post=18773"}],"curies":[{"name":"wp","href":"https:\/\/api.w.org\/{rel}","templated":true}]}}