{"id":18770,"date":"2025-02-14T11:23:13","date_gmt":"2025-02-14T08:23:13","guid":{"rendered":"https:\/\/www.egemtv.com\/?p=18770"},"modified":"2025-02-14T11:23:18","modified_gmt":"2025-02-14T08:23:18","slug":"denizlide-9-yildir-sit-alani-olarak-koruma-altina-alinan-arazide-mulk-sahibinin-agac-kesme-basvurusu-ile-gercek-ortaya-cikti","status":"publish","type":"post","link":"https:\/\/www.egemtv.com\/?p=18770","title":{"rendered":"Denizli\u2019de 9 y\u0131ld\u0131r sit alan\u0131 olarak koruma alt\u0131na al\u0131nan arazide m\u00fclk sahibinin a\u011fa\u00e7 kesme ba\u015fvurusu ile ger\u00e7ek ortaya \u00e7\u0131kt\u0131"},"content":{"rendered":"<p>Denizli\u2019nin \u00c7al il\u00e7esinde harita hatas\u0131 y\u00fcz\u00fcnden yanl\u0131\u015fl\u0131kla koruma alt\u0131na al\u0131nan arazi, m\u00fclk sahibinin a\u011fa\u00e7 kesme ba\u015fvurusu ile ortaya \u00e7\u0131kt\u0131. Yap\u0131lan hata 9 y\u0131l sonra fark edilip d\u00fczeltildi.<\/p>\n<p>Denizli\u2019nin \u00c7al il\u00e7esinde tam 9 y\u0131l boyunca yanl\u0131\u015fl\u0131kla sit alan\u0131 olarak korunan bir arazi oldu\u011fu ortaya \u00e7\u0131kt\u0131. M\u00fclk sahibinin tarlas\u0131ndaki a\u011fa\u00e7lar\u0131 kesmek i\u00e7in yapt\u0131\u011f\u0131 ba\u015fvuruyla g\u00fcn y\u00fcz\u00fcne \u00e7\u0131kt\u0131. Ayd\u0131n K\u00fclt\u00fcr Varl\u0131klar\u0131n\u0131 Koruma Kurulu\u2019nun 2016 y\u0131l\u0131nda ald\u0131\u011f\u0131 karar\u0131n, harita \u00fczerinde yanl\u0131\u015f bir parsele i\u015flendi\u011fi belirlendi. Han\u00e7alar Mahallesi Asarl\u0131k Mevkii\u2019nde bulunan 225 ada 17 numaral\u0131 parsel, asl\u0131nda herhangi bir sit stat\u00fcs\u00fcne sahip olmamas\u0131na ra\u011fmen, resmi kay\u0131tlarda &#8220;I. ve III. derece korunmas\u0131 gerekli ta\u015f\u0131nmaz k\u00fclt\u00fcr varl\u0131\u011f\u0131&#8221; olarak yer ald\u0131. Ger\u00e7ek sit alan\u0131n\u0131n asl\u0131nda birka\u00e7 metre \u00f6tede, 225 ada 21 parselde oldu\u011fu anla\u015f\u0131ld\u0131. Bu hata, arazinin sahibi taraf\u0131ndan yap\u0131lan a\u011fa\u00e7 kesim ba\u015fvurusu s\u0131ras\u0131nda fark edildi. Yetkililer, tapu kay\u0131tlar\u0131n\u0131 incelediklerinde, haritada yap\u0131lan bir hata nedeniyle 225 ada 17 numaral\u0131 parselin 9 y\u0131ld\u0131r haks\u0131z \u015fekilde sit alan\u0131 stat\u00fcs\u00fcnde kald\u0131\u011f\u0131n\u0131 belirledi.<\/p>\n<p>Harita ve kay\u0131tlar g\u00fcncellendi<br \/>\n<br \/>Ayd\u0131n K\u00fclt\u00fcr Varl\u0131klar\u0131n\u0131 Koruma B\u00f6lge Kurulu, hatay\u0131 d\u00fczeltmek i\u00e7in h\u0131zla harekete ge\u00e7ti. G\u00fcncellenen raporlar ve incelemeler sonucunda, yanl\u0131\u015f \u015ferh kald\u0131r\u0131larak do\u011fru parsele ta\u015f\u0131nd\u0131. Resmi Gazete\u2019de yay\u0131mlanan yeni karar ile 225 ada 17 numaral\u0131 parsel serbest b\u0131rak\u0131ld\u0131, 225 ada 21 numaral\u0131 parsel ise as\u0131l sit alan\u0131 olarak tescillendi.<br \/><\/p>\n","protected":false},"excerpt":{"rendered":"<p>Denizli\u2019nin \u00c7al il\u00e7esinde harita hatas\u0131 y\u00fcz\u00fcnden yanl\u0131\u015fl\u0131kla koruma alt\u0131na al\u0131nan arazi, m\u00fclk sahibinin a\u011fa\u00e7 kesme ba\u015fvurusu ile ortaya \u00e7\u0131kt\u0131. Yap\u0131lan hata 9 y\u0131l sonra fark edilip d\u00fczeltildi. Denizli\u2019nin \u00c7al il\u00e7esinde tam 9 y\u0131l boyunca yanl\u0131\u015fl\u0131kla sit alan\u0131 olarak korunan bir arazi oldu\u011fu ortaya \u00e7\u0131kt\u0131. M\u00fclk sahibinin tarlas\u0131ndaki a\u011fa\u00e7lar\u0131 kesmek i\u00e7in yapt\u0131\u011f\u0131 ba\u015fvuruyla g\u00fcn y\u00fcz\u00fcne \u00e7\u0131kt\u0131&#8230;.<\/p>\n","protected":false},"author":1,"featured_media":18771,"comment_status":"open","ping_status":"open","sticky":false,"template":"","format":"standard","meta":{"_crdt_document":"","footnotes":""},"categories":[1],"tags":[],"class_list":["post-18770","post","type-post","status-publish","format-standard","has-post-thumbnail","hentry","category-guncel"],"_links":{"self":[{"href":"https:\/\/www.egemtv.com\/index.php?rest_route=\/wp\/v2\/posts\/18770","targetHints":{"allow":["GET"]}}],"collection":[{"href":"https:\/\/www.egemtv.com\/index.php?rest_route=\/wp\/v2\/posts"}],"about":[{"href":"https:\/\/www.egemtv.com\/index.php?rest_route=\/wp\/v2\/types\/post"}],"author":[{"embeddable":true,"href":"https:\/\/www.egemtv.com\/index.php?rest_route=\/wp\/v2\/users\/1"}],"replies":[{"embeddable":true,"href":"https:\/\/www.egemtv.com\/index.php?rest_route=%2Fwp%2Fv2%2Fcomments&post=18770"}],"version-history":[{"count":1,"href":"https:\/\/www.egemtv.com\/index.php?rest_route=\/wp\/v2\/posts\/18770\/revisions"}],"predecessor-version":[{"id":18772,"href":"https:\/\/www.egemtv.com\/index.php?rest_route=\/wp\/v2\/posts\/18770\/revisions\/18772"}],"wp:featuredmedia":[{"embeddable":true,"href":"https:\/\/www.egemtv.com\/index.php?rest_route=\/wp\/v2\/media\/18771"}],"wp:attachment":[{"href":"https:\/\/www.egemtv.com\/index.php?rest_route=%2Fwp%2Fv2%2Fmedia&parent=18770"}],"wp:term":[{"taxonomy":"category","embeddable":true,"href":"https:\/\/www.egemtv.com\/index.php?rest_route=%2Fwp%2Fv2%2Fcategories&post=18770"},{"taxonomy":"post_tag","embeddable":true,"href":"https:\/\/www.egemtv.com\/index.php?rest_route=%2Fwp%2Fv2%2Ftags&post=18770"}],"curies":[{"name":"wp","href":"https:\/\/api.w.org\/{rel}","templated":true}]}}