{"id":18767,"date":"2025-02-14T11:16:10","date_gmt":"2025-02-14T08:16:10","guid":{"rendered":"https:\/\/www.egemtv.com\/?p=18767"},"modified":"2025-02-14T11:16:16","modified_gmt":"2025-02-14T08:16:16","slug":"muglada-okul-oncesi-egitime-tam-destek","status":"publish","type":"post","link":"https:\/\/www.egemtv.com\/?p=18767","title":{"rendered":"Mu\u011fla\u2019da okul \u00f6ncesi e\u011fitime tam destek"},"content":{"rendered":"<p>Mu\u011fla \u0130l Milli E\u011fitim M\u00fcd\u00fcr\u00fc Emre \u00c7ay, Ula il\u00e7esinde bulunan Ak\u00e7ap\u0131nar Anaokulu\u2019nu ziyaret ederek miniklerle bir araya geldi.<\/p>\n<p>Ziyaret kapsam\u0131ndaki s\u0131n\u0131flar\u0131 gezen ve etkinliklere kat\u0131lan Emre \u00c7ay, okulun fiziki yerinde inceleyerek e\u011fitim-\u00f6\u011fretim faaliyetleri hakk\u0131nda bilgi ald\u0131. Okul idaresi ve y\u00f6neticileriyle bir toplant\u0131 ger\u00e7ekle\u015ftiren \u00c7ay, y\u00fcr\u00fct\u00fclen \u00e7al\u0131\u015fmalar ve okul \u00f6ncesi e\u011fitimin geli\u015fimi \u00fczerine de\u011ferlendirmelerde bulundu.<\/p>\n<p>Anaokulu ziyaretinde, okul \u00f6ncesi e\u011fitimin \u00f6\u011frencilerinin geli\u015fimindeki \u00f6nemini vurgulayan \u0130l Milli E\u011fitim M\u00fcd\u00fcr\u00fc \u00c7ay, \u00f6\u011fretmen ve idarecilere \u00f6zverili \u00e7al\u0131\u015fmalar\u0131 i\u00e7in te\u015fekk\u00fcr etti. \u00c7ocuklara ba\u015far\u0131lar dileyen \u00c7ay, e\u011fitimin yelpazesini art\u0131rmaya y\u00f6nelik \u00e7al\u0131\u015fmalar\u0131n s\u00fcrece\u011fini belirtti.<br \/><\/p>\n","protected":false},"excerpt":{"rendered":"<p>Mu\u011fla \u0130l Milli E\u011fitim M\u00fcd\u00fcr\u00fc Emre \u00c7ay, Ula il\u00e7esinde bulunan Ak\u00e7ap\u0131nar Anaokulu\u2019nu ziyaret ederek miniklerle bir araya geldi. Ziyaret kapsam\u0131ndaki s\u0131n\u0131flar\u0131 gezen ve etkinliklere kat\u0131lan Emre \u00c7ay, okulun fiziki yerinde inceleyerek e\u011fitim-\u00f6\u011fretim faaliyetleri hakk\u0131nda bilgi ald\u0131. Okul idaresi ve y\u00f6neticileriyle bir toplant\u0131 ger\u00e7ekle\u015ftiren \u00c7ay, y\u00fcr\u00fct\u00fclen \u00e7al\u0131\u015fmalar ve okul \u00f6ncesi e\u011fitimin geli\u015fimi \u00fczerine de\u011ferlendirmelerde bulundu. Anaokulu&#8230;<\/p>\n","protected":false},"author":1,"featured_media":18768,"comment_status":"open","ping_status":"open","sticky":false,"template":"","format":"standard","meta":{"_crdt_document":"","footnotes":""},"categories":[1],"tags":[],"class_list":["post-18767","post","type-post","status-publish","format-standard","has-post-thumbnail","hentry","category-guncel"],"_links":{"self":[{"href":"https:\/\/www.egemtv.com\/index.php?rest_route=\/wp\/v2\/posts\/18767","targetHints":{"allow":["GET"]}}],"collection":[{"href":"https:\/\/www.egemtv.com\/index.php?rest_route=\/wp\/v2\/posts"}],"about":[{"href":"https:\/\/www.egemtv.com\/index.php?rest_route=\/wp\/v2\/types\/post"}],"author":[{"embeddable":true,"href":"https:\/\/www.egemtv.com\/index.php?rest_route=\/wp\/v2\/users\/1"}],"replies":[{"embeddable":true,"href":"https:\/\/www.egemtv.com\/index.php?rest_route=%2Fwp%2Fv2%2Fcomments&post=18767"}],"version-history":[{"count":1,"href":"https:\/\/www.egemtv.com\/index.php?rest_route=\/wp\/v2\/posts\/18767\/revisions"}],"predecessor-version":[{"id":18769,"href":"https:\/\/www.egemtv.com\/index.php?rest_route=\/wp\/v2\/posts\/18767\/revisions\/18769"}],"wp:featuredmedia":[{"embeddable":true,"href":"https:\/\/www.egemtv.com\/index.php?rest_route=\/wp\/v2\/media\/18768"}],"wp:attachment":[{"href":"https:\/\/www.egemtv.com\/index.php?rest_route=%2Fwp%2Fv2%2Fmedia&parent=18767"}],"wp:term":[{"taxonomy":"category","embeddable":true,"href":"https:\/\/www.egemtv.com\/index.php?rest_route=%2Fwp%2Fv2%2Fcategories&post=18767"},{"taxonomy":"post_tag","embeddable":true,"href":"https:\/\/www.egemtv.com\/index.php?rest_route=%2Fwp%2Fv2%2Ftags&post=18767"}],"curies":[{"name":"wp","href":"https:\/\/api.w.org\/{rel}","templated":true}]}}