{"id":18761,"date":"2025-02-14T11:07:38","date_gmt":"2025-02-14T08:07:38","guid":{"rendered":"https:\/\/www.egemtv.com\/?p=18761"},"modified":"2025-02-14T11:07:43","modified_gmt":"2025-02-14T08:07:43","slug":"gocmen-kacak-seni-operasyonu-3-gozalti","status":"publish","type":"post","link":"https:\/\/www.egemtv.com\/?p=18761","title":{"rendered":"G\u00f6\u00e7men Ka\u00e7ak seni operasyonu: 3 g\u00f6zalt\u0131"},"content":{"rendered":"<p>Afyonkarahisar\u2019da yurt d\u0131\u015f\u0131ndan illegal yollardan \u00fclkeye giren yabanc\u0131 uyruklar\u0131 \u015fah\u0131slar\u0131 tuttuklar\u0131 evlerde bar\u0131nd\u0131rd\u0131\u011f\u0131 iddia edilen 3 ki\u015fi polis operasyonu ile yakaland\u0131.<br \/>\n<br \/>Ger\u00e7ekle\u015ftirilen operasyonla ilgili Afyonkarahisar \u0130l Emniyet M\u00fcd\u00fcrl\u00fc\u011f\u00fc\u2019nden yaz\u0131l\u0131 a\u00e7\u0131klama yap\u0131ld\u0131. A\u00e7\u0131klamada, &#8220;Ekiplerimiz taraf\u0131ndan ilimiz genelinde g\u00f6\u00e7men ka\u00e7ak\u00e7\u0131l\u0131\u011f\u0131n\u0131n \u00f6nlenmesi ve d\u00fczensiz g\u00f6\u00e7menlerin yakalanmas\u0131na y\u00f6nelik \u00e7al\u0131\u015fma yap\u0131ld\u0131. \u00c7al\u0131\u015fmada<br \/>\n<br \/>3 adreste yap\u0131lan kontrollerde resmi makamlarca tanzim edilmi\u015f kimlik ya da kimlik yerine ge\u00e7erli herhangi bir belgesi bulunmad\u0131\u011f\u0131 ve \u00fclkemize illegal yollardan girdi\u011fi anla\u015f\u0131lan 10yabanc\u0131 uyruklu \u015fah\u0131s yakalanm\u0131\u015ft\u0131r. Kiralad\u0131\u011f\u0131 evlerde \u00fclkemize illegal yollardan giren yabanc\u0131 uyruklu \u015fah\u0131slar\u0131n bar\u0131nmas\u0131na imkan sa\u011flayan 3 \u015f\u00fcpheli \u015fah\u0131s yakaland\u0131. \u00dclkemize illegal yollardan giren yabanc\u0131 uyruklu \u015fah\u0131slar\u0131n ise s\u0131n\u0131r d\u0131\u015f\u0131 i\u015flemleri tamamlanm\u0131\u015ft\u0131r&#8221; ifadelerine yer verildi.<br \/><\/p>\n","protected":false},"excerpt":{"rendered":"<p>Afyonkarahisar\u2019da yurt d\u0131\u015f\u0131ndan illegal yollardan \u00fclkeye giren yabanc\u0131 uyruklar\u0131 \u015fah\u0131slar\u0131 tuttuklar\u0131 evlerde bar\u0131nd\u0131rd\u0131\u011f\u0131 iddia edilen 3 ki\u015fi polis operasyonu ile yakaland\u0131. Ger\u00e7ekle\u015ftirilen operasyonla ilgili Afyonkarahisar \u0130l Emniyet M\u00fcd\u00fcrl\u00fc\u011f\u00fc\u2019nden yaz\u0131l\u0131 a\u00e7\u0131klama yap\u0131ld\u0131. A\u00e7\u0131klamada, &#8220;Ekiplerimiz taraf\u0131ndan ilimiz genelinde g\u00f6\u00e7men ka\u00e7ak\u00e7\u0131l\u0131\u011f\u0131n\u0131n \u00f6nlenmesi ve d\u00fczensiz g\u00f6\u00e7menlerin yakalanmas\u0131na y\u00f6nelik \u00e7al\u0131\u015fma yap\u0131ld\u0131. \u00c7al\u0131\u015fmada 3 adreste yap\u0131lan kontrollerde resmi makamlarca tanzim edilmi\u015f&#8230;<\/p>\n","protected":false},"author":1,"featured_media":18762,"comment_status":"open","ping_status":"open","sticky":false,"template":"","format":"standard","meta":{"_crdt_document":"","footnotes":""},"categories":[5],"tags":[],"class_list":["post-18761","post","type-post","status-publish","format-standard","has-post-thumbnail","hentry","category-asayis"],"_links":{"self":[{"href":"https:\/\/www.egemtv.com\/index.php?rest_route=\/wp\/v2\/posts\/18761","targetHints":{"allow":["GET"]}}],"collection":[{"href":"https:\/\/www.egemtv.com\/index.php?rest_route=\/wp\/v2\/posts"}],"about":[{"href":"https:\/\/www.egemtv.com\/index.php?rest_route=\/wp\/v2\/types\/post"}],"author":[{"embeddable":true,"href":"https:\/\/www.egemtv.com\/index.php?rest_route=\/wp\/v2\/users\/1"}],"replies":[{"embeddable":true,"href":"https:\/\/www.egemtv.com\/index.php?rest_route=%2Fwp%2Fv2%2Fcomments&post=18761"}],"version-history":[{"count":1,"href":"https:\/\/www.egemtv.com\/index.php?rest_route=\/wp\/v2\/posts\/18761\/revisions"}],"predecessor-version":[{"id":18763,"href":"https:\/\/www.egemtv.com\/index.php?rest_route=\/wp\/v2\/posts\/18761\/revisions\/18763"}],"wp:featuredmedia":[{"embeddable":true,"href":"https:\/\/www.egemtv.com\/index.php?rest_route=\/wp\/v2\/media\/18762"}],"wp:attachment":[{"href":"https:\/\/www.egemtv.com\/index.php?rest_route=%2Fwp%2Fv2%2Fmedia&parent=18761"}],"wp:term":[{"taxonomy":"category","embeddable":true,"href":"https:\/\/www.egemtv.com\/index.php?rest_route=%2Fwp%2Fv2%2Fcategories&post=18761"},{"taxonomy":"post_tag","embeddable":true,"href":"https:\/\/www.egemtv.com\/index.php?rest_route=%2Fwp%2Fv2%2Ftags&post=18761"}],"curies":[{"name":"wp","href":"https:\/\/api.w.org\/{rel}","templated":true}]}}