{"id":18758,"date":"2025-02-14T11:00:46","date_gmt":"2025-02-14T08:00:46","guid":{"rendered":"https:\/\/www.egemtv.com\/?p=18758"},"modified":"2025-02-14T11:00:51","modified_gmt":"2025-02-14T08:00:51","slug":"kulada-kucuk-yazarlar-buyuk-bir-eseri-hayata-gecirdi","status":"publish","type":"post","link":"https:\/\/www.egemtv.com\/?p=18758","title":{"rendered":"Kula\u2019da k\u00fc\u00e7\u00fck yazarlar b\u00fcy\u00fck bir eseri hayata ge\u00e7irdi"},"content":{"rendered":"<p>Manisa\u2019n\u0131n Kula il\u00e7esinde bulunan Bekir Sacide Filiz Kele\u015fo\u011flu Bilim ve Sanat Merkezi\u2019nin 5. s\u0131n\u0131f \u00f6\u011frencileri insani de\u011ferler \u00e7er\u00e7evesinde kaleme \u00f6zg\u00fcn hikayeleri kitap haline getirdi.<br \/>\n<br \/>Manisa\u2019n\u0131n Kula il\u00e7esinde Bekir Sacide Filiz Kele\u015fo\u011flu Bilim ve Sanat Merkezi\u2019nin 5. s\u0131n\u0131f \u00f6\u011frencileri, anlaml\u0131 bir projeye imza att\u0131. Merkez M\u00fcd\u00fcr\u00fc Suphi Aksoy\u2019un \u00f6nderli\u011finde, e\u011fitim programlar\u0131nda insani de\u011ferler \u00e7er\u00e7evesinde \u00f6zg\u00fcn hik\u00e2yeler kaleme alan 13 \u00f6zel yetenekli \u00f6\u011frenci, eserlerini bir kitapta bir araya getirdi. &#8220;K\u00fc\u00e7\u00fck Yazarlardan De\u011ferler \u00c7\u0131nar\u0131&#8221; ad\u0131 verilen ve bask\u0131s\u0131 yap\u0131lan bu \u00f6zel kitap, \u00f6\u011frencilerin de\u011ferler e\u011fitimini \u00f6zg\u00fcn bir \u015fekilde ifade etmelerini sa\u011flad\u0131. Kitapta yer alan hik\u00e2yeler; d\u00fcr\u00fcstl\u00fck, sayg\u0131, sorumluluk, \u00e7al\u0131\u015fkanl\u0131k gibi temel insani de\u011ferleri anlatan \u00f6zg\u00fcn metinlerden olu\u015fuyor. \u00d6zel yeteneklerini ortaya \u00e7\u0131kararak g\u00fczel eserler kaleme alan \u00f6\u011frenciler, ilk kez kitap \u00e7\u0131karman\u0131n ve okuyucularla bulu\u015fman\u0131n gururunu ya\u015fad\u0131.<br \/>\n<br \/>Kitab\u0131n bas\u0131m\u0131n\u0131n ard\u0131ndan, gen\u00e7 yazarlar i\u00e7in \u00f6zel bir imza g\u00fcn\u00fc d\u00fczenlendi. D\u00fczenlenen t\u00f6rene Kula Kaymakam\u0131 \u00d6mer Ahmet \u00d6zdemir de kat\u0131larak, \u00f6\u011frencileri bu anlaml\u0131 \u00e7al\u0131\u015fmalar\u0131ndan dolay\u0131 tebrik etti. \u00d6\u011frenciler, kitaplar\u0131n\u0131 imzalayarak b\u00fcy\u00fck bir heyecan ve gurur ya\u015farken, \u00f6\u011fretmenleri ve aileleri de onlar\u0131n bu ba\u015far\u0131lar\u0131na ortak oldu.<br \/>\n<br \/>Bu anlaml\u0131 proje ile hem \u00f6\u011frencilerin yazarl\u0131k yetenekleri te\u015fvik edildi hem de de\u011ferler e\u011fitimi konusunda \u00f6nemli bir fark\u0131ndal\u0131k olu\u015fturuldu.<br \/><\/p>\n","protected":false},"excerpt":{"rendered":"<p>Manisa\u2019n\u0131n Kula il\u00e7esinde bulunan Bekir Sacide Filiz Kele\u015fo\u011flu Bilim ve Sanat Merkezi\u2019nin 5. s\u0131n\u0131f \u00f6\u011frencileri insani de\u011ferler \u00e7er\u00e7evesinde kaleme \u00f6zg\u00fcn hikayeleri kitap haline getirdi. Manisa\u2019n\u0131n Kula il\u00e7esinde Bekir Sacide Filiz Kele\u015fo\u011flu Bilim ve Sanat Merkezi\u2019nin 5. s\u0131n\u0131f \u00f6\u011frencileri, anlaml\u0131 bir projeye imza att\u0131. Merkez M\u00fcd\u00fcr\u00fc Suphi Aksoy\u2019un \u00f6nderli\u011finde, e\u011fitim programlar\u0131nda insani de\u011ferler \u00e7er\u00e7evesinde \u00f6zg\u00fcn hik\u00e2yeler&#8230;<\/p>\n","protected":false},"author":1,"featured_media":18759,"comment_status":"open","ping_status":"open","sticky":false,"template":"","format":"standard","meta":{"_crdt_document":"","footnotes":""},"categories":[1],"tags":[],"class_list":["post-18758","post","type-post","status-publish","format-standard","has-post-thumbnail","hentry","category-guncel"],"_links":{"self":[{"href":"https:\/\/www.egemtv.com\/index.php?rest_route=\/wp\/v2\/posts\/18758","targetHints":{"allow":["GET"]}}],"collection":[{"href":"https:\/\/www.egemtv.com\/index.php?rest_route=\/wp\/v2\/posts"}],"about":[{"href":"https:\/\/www.egemtv.com\/index.php?rest_route=\/wp\/v2\/types\/post"}],"author":[{"embeddable":true,"href":"https:\/\/www.egemtv.com\/index.php?rest_route=\/wp\/v2\/users\/1"}],"replies":[{"embeddable":true,"href":"https:\/\/www.egemtv.com\/index.php?rest_route=%2Fwp%2Fv2%2Fcomments&post=18758"}],"version-history":[{"count":1,"href":"https:\/\/www.egemtv.com\/index.php?rest_route=\/wp\/v2\/posts\/18758\/revisions"}],"predecessor-version":[{"id":18760,"href":"https:\/\/www.egemtv.com\/index.php?rest_route=\/wp\/v2\/posts\/18758\/revisions\/18760"}],"wp:featuredmedia":[{"embeddable":true,"href":"https:\/\/www.egemtv.com\/index.php?rest_route=\/wp\/v2\/media\/18759"}],"wp:attachment":[{"href":"https:\/\/www.egemtv.com\/index.php?rest_route=%2Fwp%2Fv2%2Fmedia&parent=18758"}],"wp:term":[{"taxonomy":"category","embeddable":true,"href":"https:\/\/www.egemtv.com\/index.php?rest_route=%2Fwp%2Fv2%2Fcategories&post=18758"},{"taxonomy":"post_tag","embeddable":true,"href":"https:\/\/www.egemtv.com\/index.php?rest_route=%2Fwp%2Fv2%2Ftags&post=18758"}],"curies":[{"name":"wp","href":"https:\/\/api.w.org\/{rel}","templated":true}]}}