{"id":18746,"date":"2025-02-14T10:53:04","date_gmt":"2025-02-14T07:53:04","guid":{"rendered":"https:\/\/www.egemtv.com\/?p=18746"},"modified":"2025-02-14T10:53:09","modified_gmt":"2025-02-14T07:53:09","slug":"sandiklili-ogrenciler-madalyalari-topladi","status":"publish","type":"post","link":"https:\/\/www.egemtv.com\/?p=18746","title":{"rendered":"Sand\u0131kl\u0131l\u0131 \u00f6\u011frenciler madalyalar\u0131 toplad\u0131"},"content":{"rendered":"<p>Afyonkarahisar\u2019da \u00f6\u011frenciler aras\u0131nda d\u00fczenlenen oryantiring m\u00fcsabakas\u0131na kat\u0131lan Sand\u0131kl\u0131 Anadolu \u0130mam Hatip Lisesi Fen ve Sosyal Bilimler Proje Okulu \u00f6\u011frencileri 7 alt\u0131n, 1 g\u00fcm\u00fc\u015f,4 bronz madalya ve 2 kupa kazand\u0131.<br \/>\n<br \/>Afyonkarahisar Gen\u00e7lik ve Spor \u0130l M\u00fcd\u00fcrl\u00fc\u011f\u00fc taraf\u0131ndan Bayat il\u00e7e merkezinde \u00f6\u011frencilere y\u00f6nelik oryantiring m\u00fcsabakas\u0131 d\u00fczenlendi. K\u0131z ve erkeklerde iki grup halinde d\u00fczenlenen m\u00fcsabakaya il genelinde 11 okul 84 sporcu kat\u0131ld\u0131. Sand\u0131kl\u0131\u2019dan m\u00fcsabakaya kat\u0131lan tek okul olan Anadolu \u0130mam Hatip Lisesi Fen ve Sosyal Bilimler Proje Okulu tak\u0131m\u01317 alt\u0131n, 1 g\u00fcm\u00fc\u015f,4 bronz madalya ve 2 kupa kazand\u0131.<br \/>\n<br \/>Okul \u00f6\u011frencilerinden A kategorisi il birincisi Eren Erdi\u015f il ikincisi Harun \u00c7elik, il  \u00fc\u00e7\u00fcnc\u00fcs\u00fc Alihan \u00d6zba\u011f B kategorisi il birincisi Muhammet \u00d6ks\u00fcz  ve il d\u00f6rd\u00fcnc\u00fcs\u00fc Mehmet Y\u0131ld\u0131z oldu. Ayr\u0131ca okul tak\u0131m olarak A kategorisi erkek \u0130l birincili\u011fi, B kategorisi erkek il \u00fc\u00e7\u00fcnc\u00fcl\u00fc\u011f\u00fc elde etti.<br \/>\n<br \/>\u00d6\u011frenciler, Afyonkarahisar\u2019\u0131 temsil etmek i\u00e7in T\u00fcrkiye b\u00f6lge finallerine kat\u0131lacak<br \/><\/p>\n","protected":false},"excerpt":{"rendered":"<p>Afyonkarahisar\u2019da \u00f6\u011frenciler aras\u0131nda d\u00fczenlenen oryantiring m\u00fcsabakas\u0131na kat\u0131lan Sand\u0131kl\u0131 Anadolu \u0130mam Hatip Lisesi Fen ve Sosyal Bilimler Proje Okulu \u00f6\u011frencileri 7 alt\u0131n, 1 g\u00fcm\u00fc\u015f,4 bronz madalya ve 2 kupa kazand\u0131. Afyonkarahisar Gen\u00e7lik ve Spor \u0130l M\u00fcd\u00fcrl\u00fc\u011f\u00fc taraf\u0131ndan Bayat il\u00e7e merkezinde \u00f6\u011frencilere y\u00f6nelik oryantiring m\u00fcsabakas\u0131 d\u00fczenlendi. K\u0131z ve erkeklerde iki grup halinde d\u00fczenlenen m\u00fcsabakaya il genelinde 11&#8230;<\/p>\n","protected":false},"author":1,"featured_media":18747,"comment_status":"open","ping_status":"open","sticky":false,"template":"","format":"standard","meta":{"_crdt_document":"","footnotes":""},"categories":[4],"tags":[],"class_list":["post-18746","post","type-post","status-publish","format-standard","has-post-thumbnail","hentry","category-spor"],"_links":{"self":[{"href":"https:\/\/www.egemtv.com\/index.php?rest_route=\/wp\/v2\/posts\/18746","targetHints":{"allow":["GET"]}}],"collection":[{"href":"https:\/\/www.egemtv.com\/index.php?rest_route=\/wp\/v2\/posts"}],"about":[{"href":"https:\/\/www.egemtv.com\/index.php?rest_route=\/wp\/v2\/types\/post"}],"author":[{"embeddable":true,"href":"https:\/\/www.egemtv.com\/index.php?rest_route=\/wp\/v2\/users\/1"}],"replies":[{"embeddable":true,"href":"https:\/\/www.egemtv.com\/index.php?rest_route=%2Fwp%2Fv2%2Fcomments&post=18746"}],"version-history":[{"count":1,"href":"https:\/\/www.egemtv.com\/index.php?rest_route=\/wp\/v2\/posts\/18746\/revisions"}],"predecessor-version":[{"id":18748,"href":"https:\/\/www.egemtv.com\/index.php?rest_route=\/wp\/v2\/posts\/18746\/revisions\/18748"}],"wp:featuredmedia":[{"embeddable":true,"href":"https:\/\/www.egemtv.com\/index.php?rest_route=\/wp\/v2\/media\/18747"}],"wp:attachment":[{"href":"https:\/\/www.egemtv.com\/index.php?rest_route=%2Fwp%2Fv2%2Fmedia&parent=18746"}],"wp:term":[{"taxonomy":"category","embeddable":true,"href":"https:\/\/www.egemtv.com\/index.php?rest_route=%2Fwp%2Fv2%2Fcategories&post=18746"},{"taxonomy":"post_tag","embeddable":true,"href":"https:\/\/www.egemtv.com\/index.php?rest_route=%2Fwp%2Fv2%2Ftags&post=18746"}],"curies":[{"name":"wp","href":"https:\/\/api.w.org\/{rel}","templated":true}]}}