{"id":18743,"date":"2025-02-14T10:52:58","date_gmt":"2025-02-14T07:52:58","guid":{"rendered":"https:\/\/www.egemtv.com\/?p=18743"},"modified":"2025-02-14T10:53:03","modified_gmt":"2025-02-14T07:53:03","slug":"buharkentteki-yetenek-taramalari-ile-genclerin-potansiyeli-ortaya-cikiyor","status":"publish","type":"post","link":"https:\/\/www.egemtv.com\/?p=18743","title":{"rendered":"Buharkent\u2019teki yetenek taramalar\u0131 ile gen\u00e7lerin potansiyeli ortaya \u00e7\u0131k\u0131yor"},"content":{"rendered":"<p>Ayd\u0131n\u2019da her y\u0131l ger\u00e7ekle\u015ftirilen yetenek taramas\u0131 ile gelece\u011fin sporcular\u0131 ke\u015ffedilirken, bu \u00e7er\u00e7evede \u00e7al\u0131\u015fmalar\u0131n\u0131 s\u00fcrd\u00fcren ekipler Buharkent\u2019te de yapt\u0131klar\u0131 taramalarla \u00e7ocuklar\u0131n potansiyelini ortaya \u00e7\u0131k\u0131yor.<\/p>\n<p>Gen\u00e7lik ve Spor Bakanl\u0131\u011f\u0131 ile Milli E\u011fitim Bakanl\u0131\u011f\u0131\u2019n\u0131n ortakla\u015fa hayata ge\u00e7irdi\u011fi T\u00fcrkiye Sportif Yetenek Taramas\u0131 ve Spora Y\u00f6nlendirme Program\u0131 ile Ayd\u0131n\u2019da da gelece\u011fin \u015fampiyon sporcular\u0131, gizli yeteneklere sahip \u00f6\u011frencileri tespit ediliyor. Ayd\u0131n Gen\u00e7lik ve Spor \u0130l M\u00fcd\u00fcrl\u00fc\u011f\u00fc koordinesindeki uzman antren\u00f6rler ve beden e\u011fitimi \u00f6\u011fretmenleri taraf\u0131ndan belirlenen gelece\u011fin sporcular\u0131 e\u011fitimlerine aral\u0131ks\u0131z devam ediyor. Proje \u00e7er\u00e7evesinde ad\u0131m ad\u0131m Ayd\u0131n\u2019\u0131n il\u00e7elerini gezen yetenek avc\u0131lar\u0131, bilimsel y\u00f6ntemler kullan\u0131larak yap\u0131lan \u00f6l\u00e7\u00fcmler sonucunda spora yatk\u0131nl\u0131\u011f\u0131 olan \u00f6\u011frencileri belirlerken, son olarak ekipler Buharkent il\u00e7esinde de yetenek taramalar\u0131n\u0131 s\u00fcrd\u00fcrd\u00fc. Yetenekli bulunan sporcular ise yap\u0131lan i\u015flemlerinin ard\u0131ndan antren\u00f6r e\u015fli\u011finde antrenmanlar\u0131na ba\u015flad\u0131.<\/p>\n<p>Konu ile ilgili Ayd\u0131n Gen\u00e7lik ve Spor \u0130l M\u00fcd\u00fcrl\u00fc\u011f\u00fc\u2019nden yap\u0131lan a\u00e7\u0131klamada &#8220;Buharkent\u2019te Yetenek Taramas\u0131 devam ediyor. \u00c7ocuklar\u0131m\u0131z\u0131n yeteneklerini ke\u015ffetmelerine imkan sa\u011flayarak, gelece\u011fin sporcular\u0131n\u0131 belirliyoruz. Onlar\u0131n potansiyeline y\u00f6n vermek i\u00e7in buraday\u0131z&#8221; ifadeleri yer ald\u0131.<br \/><\/p>\n","protected":false},"excerpt":{"rendered":"<p>Ayd\u0131n\u2019da her y\u0131l ger\u00e7ekle\u015ftirilen yetenek taramas\u0131 ile gelece\u011fin sporcular\u0131 ke\u015ffedilirken, bu \u00e7er\u00e7evede \u00e7al\u0131\u015fmalar\u0131n\u0131 s\u00fcrd\u00fcren ekipler Buharkent\u2019te de yapt\u0131klar\u0131 taramalarla \u00e7ocuklar\u0131n potansiyelini ortaya \u00e7\u0131k\u0131yor. Gen\u00e7lik ve Spor Bakanl\u0131\u011f\u0131 ile Milli E\u011fitim Bakanl\u0131\u011f\u0131\u2019n\u0131n ortakla\u015fa hayata ge\u00e7irdi\u011fi T\u00fcrkiye Sportif Yetenek Taramas\u0131 ve Spora Y\u00f6nlendirme Program\u0131 ile Ayd\u0131n\u2019da da gelece\u011fin \u015fampiyon sporcular\u0131, gizli yeteneklere sahip \u00f6\u011frencileri tespit ediliyor. Ayd\u0131n&#8230;<\/p>\n","protected":false},"author":1,"featured_media":18744,"comment_status":"open","ping_status":"open","sticky":false,"template":"","format":"standard","meta":{"_crdt_document":"","footnotes":""},"categories":[4],"tags":[],"class_list":["post-18743","post","type-post","status-publish","format-standard","has-post-thumbnail","hentry","category-spor"],"_links":{"self":[{"href":"https:\/\/www.egemtv.com\/index.php?rest_route=\/wp\/v2\/posts\/18743","targetHints":{"allow":["GET"]}}],"collection":[{"href":"https:\/\/www.egemtv.com\/index.php?rest_route=\/wp\/v2\/posts"}],"about":[{"href":"https:\/\/www.egemtv.com\/index.php?rest_route=\/wp\/v2\/types\/post"}],"author":[{"embeddable":true,"href":"https:\/\/www.egemtv.com\/index.php?rest_route=\/wp\/v2\/users\/1"}],"replies":[{"embeddable":true,"href":"https:\/\/www.egemtv.com\/index.php?rest_route=%2Fwp%2Fv2%2Fcomments&post=18743"}],"version-history":[{"count":1,"href":"https:\/\/www.egemtv.com\/index.php?rest_route=\/wp\/v2\/posts\/18743\/revisions"}],"predecessor-version":[{"id":18745,"href":"https:\/\/www.egemtv.com\/index.php?rest_route=\/wp\/v2\/posts\/18743\/revisions\/18745"}],"wp:featuredmedia":[{"embeddable":true,"href":"https:\/\/www.egemtv.com\/index.php?rest_route=\/wp\/v2\/media\/18744"}],"wp:attachment":[{"href":"https:\/\/www.egemtv.com\/index.php?rest_route=%2Fwp%2Fv2%2Fmedia&parent=18743"}],"wp:term":[{"taxonomy":"category","embeddable":true,"href":"https:\/\/www.egemtv.com\/index.php?rest_route=%2Fwp%2Fv2%2Fcategories&post=18743"},{"taxonomy":"post_tag","embeddable":true,"href":"https:\/\/www.egemtv.com\/index.php?rest_route=%2Fwp%2Fv2%2Ftags&post=18743"}],"curies":[{"name":"wp","href":"https:\/\/api.w.org\/{rel}","templated":true}]}}