{"id":18740,"date":"2025-02-14T10:52:51","date_gmt":"2025-02-14T07:52:51","guid":{"rendered":"https:\/\/www.egemtv.com\/?p=18740"},"modified":"2025-02-14T10:52:57","modified_gmt":"2025-02-14T07:52:57","slug":"dogru-beslenme-cocukluk-cagi-kanserlerinde-tedavi-basarisini-artiriyor","status":"publish","type":"post","link":"https:\/\/www.egemtv.com\/?p=18740","title":{"rendered":"Do\u011fru beslenme, \u00e7ocukluk \u00e7a\u011f\u0131 kanserlerinde tedavi ba\u015far\u0131s\u0131n\u0131 art\u0131r\u0131yor"},"content":{"rendered":"<p>\u00c7ocukluk \u00e7a\u011f\u0131 kanserlerinde beslenme, hastal\u0131kla m\u00fccadelede hayati bir rol oynuyor. Sa\u011fl\u0131kl\u0131 \u00e7ocuklarda oldu\u011fu gibi, kanser tedavisi g\u00f6ren \u00e7ocuklarda da beslenme \u00f6ncelikli konular aras\u0131nda yer al\u0131yor. Hastal\u0131kla sava\u015f\u0131rken bir yandan da b\u00fcy\u00fcme ve geli\u015fme g\u00f6stermesi gereken \u00e7ocuklar i\u00e7in dengeli ve do\u011fru beslenme daha da \u00f6nem kazan\u0131yor. Ege \u00dcniversitesi T\u0131p Fak\u00fcltesi Hastanesi, Onkoloji Diyetisyeni Do\u00e7. Dr. Derya Hopanc\u0131 B\u0131\u00e7akl\u0131, \u00e7ocukluk \u00e7a\u011f\u0131 kanserlerinde beslenmenin \u00f6nemine dikkat \u00e7ekerek, tedavi s\u00fcrecinin do\u011fru beslenmeyle desteklenebilece\u011fini vurgulad\u0131.<br \/>\n<br \/>Do\u00e7. Dr. Hopanc\u0131 B\u0131\u00e7akl\u0131, &#8220;\u00c7ocukluk \u00e7a\u011f\u0131 kanserlerinde uygulanan kemoterapi, radyoterapi ya da k\u00f6k h\u00fccre nakli gibi tedavilerin her biri \u00e7ocu\u011fun beslenmesini ciddi anlamda etkiler. Tan\u0131 konuldu\u011fu andan itibaren \u00e7ocuklar\u0131n beslenme durumlar\u0131n\u0131 de\u011ferlendiriyoruz. Bunun de\u011ferlendirme ilk etapta v\u00fccut kompozisyonlar\u0131n\u0131, boy, a\u011f\u0131rl\u0131k gibi antropometrik \u00f6l\u00e7\u00fcmlerini ve besin t\u00fcketim durumlar\u0131n\u0131 i\u00e7eriyor. Yetersiz beslendi\u011fini saptad\u0131\u011f\u0131m\u0131z \u00e7ocuklara beslenme deste\u011fi uygulamaya ba\u015fl\u0131yoruz. Beslenmesinin bozulaca\u011f\u0131n\u0131 \u00f6ng\u00f6rd\u00fc\u011f\u00fcm\u00fcz baz\u0131 durumlarda yetersizlik olu\u015fmadan proaktif beslenme deste\u011fi uyguluyoruz. Gerek tedaviler, gerekse semptomlar nedeniyle besin t\u00fcketemeyen \u00e7ocuk hastalar, birka\u00e7 g\u00fcnl\u00fck beslenme yetersizli\u011finde bile maln\u00fctrisyona (yetersiz beslenme) girebilir. Bu durum b\u00fcy\u00fcme ve geli\u015fmeyi olumsuz etkiledi\u011fi gibi tedavi ba\u015far\u0131s\u0131n\u0131 da etkiler. Bu nedenle \u00e7ocuklarda v\u00fccut a\u011f\u0131rl\u0131\u011f\u0131n\u0131n korunmas\u0131 bile bir ba\u015far\u0131 olarak kabul edilmez, \u00e7\u00fcnk\u00fc akran ortalamalar\u0131na yak\u0131n b\u00fcy\u00fcmesi ve geli\u015fmesini s\u00fcrd\u00fcrebilmesini isteriz&#8221;  diye konu\u015ftu.<\/p>\n<p>&#8220;Yetersiz beslenmeyi \u00f6nlemek tedavinin birinci kural\u0131d\u0131r&#8221;<br \/>\n<br \/>\u00c7ocukluk \u00e7a\u011f\u0131 kanserlerinde tedavi s\u00fcrecinin birka\u00e7 haftada tamamlanmad\u0131\u011f\u0131n\u0131, genellikle 6 ila 8 ay s\u00fcrd\u00fc\u011f\u00fcn\u00fc, bazen 1 y\u0131l, hatta n\u00fckslerle 2-3 y\u0131l s\u00fcrebilece\u011fini belirten Do\u00e7. Dr. Hopanc\u0131 B\u0131\u00e7akl\u0131, &#8220;Bu s\u00fcre\u00e7te b\u00fcy\u00fcme e\u011frisinin dikkatle izlenmesi \u00e7ok \u00f6nemlidir. E\u011fer hastalar\u0131n beslenmesi yak\u0131ndan takip edilmezse, g\u00f6zden ka\u00e7abilecek bir maln\u00fctrisyon durumu geli\u015febilir&#8221; dedi. Yetersiz beslenmenin \u00e7ocukluk \u00e7a\u011f\u0131 kanserlerinde tedavi ba\u015far\u0131s\u0131n\u0131 olumsuz etkiledi\u011fini vurgulayan Do\u00e7. Dr. Hopanc\u0131 B\u0131\u00e7akl\u0131, maln\u00fctrisyonlu \u00e7ocuklarda halsizlik, trombositopeni, n\u00f6tropeni, enfeksiyonlar ve mukozit (a\u011f\u0131z yaralar\u0131) gibi yan etkilerin daha s\u0131k g\u00f6r\u00fcld\u00fc\u011f\u00fcn\u00fc belirtti. Bu durumun tedavi s\u00fcrecinin uzamas\u0131na, s\u0131k hastane yat\u0131\u015flar\u0131na ve tedavilerin aksamas\u0131na yol a\u00e7t\u0131\u011f\u0131n\u0131 ifade eden Do\u00e7. Dr. Hopanc\u0131 B\u0131\u00e7akl\u0131, iyi beslenen \u00e7ocuklar\u0131n daha \u00e7abuk iyile\u015fti\u011fini vurgulad\u0131.<\/p>\n<p>&#8220;\u0130yi bir beslenme e\u011fitimi ve aile deste\u011fi \u015fartt\u0131r&#8221;<br \/>\n<br \/>\u00c7ocukluk \u00e7a\u011f\u0131 kanserlerinin \u00e7o\u011funda yetersiz beslenme g\u00f6r\u00fcld\u00fc\u011f\u00fcne de\u011finen Do\u00e7. Dr. Hopanc\u0131 B\u0131\u00e7akl\u0131, &#8220;Sindirim kanal\u0131n\u0131 etkileyen t\u00fcm\u00f6rler ve ileri evre solid t\u00fcm\u00f6rlerde bu durum daha yayg\u0131nd\u0131r. N\u00f6roblastom, Wilms t\u00fcm\u00f6r\u00fc, ALL ve AML gibi hematolojik kanserlerle, sarkom tedavileri \u00e7ocuklar\u0131n ciddi d\u00fczeyde maln\u00fctrisyona girmesine neden olabilir. \u00c7ocukluk \u00e7a\u011f\u0131 kanserlerinde yetersiz beslenmeyi \u00f6nlemek tedavinin birinci kural\u0131d\u0131r. Bu ama\u00e7la tan\u0131dan itibaren iyi bir beslenme plan\u0131, e\u011fitimi, izlemi ve aile deste\u011fi \u015fartt\u0131r. Yetersizlik tespit edilirse, oral beslenme destek \u00fcr\u00fcnleri veya nazogastrik t\u00fcp ile beslenme, gerekiyorsa parenteral beslenme uygulanabilir. T\u00fcm bu s\u00fcre\u00e7ler, onkoloji diyetisyeni g\u00f6zetiminde yap\u0131l\u0131r&#8221; dedi.<br \/>\n<br \/>Do\u00e7. Dr. Hopanc\u0131 B\u0131\u00e7akl\u0131, &#8220;Evde i\u015ftahla besin t\u00fcketen bir \u00e7ocuk, hastanede yeterince besin t\u00fcketemeyebilir. \u00c7ocukluk \u00e7a\u011f\u0131 kanserlerinde uzun s\u00fcre yat\u0131\u015f sebebiyle \u00e7ocu\u011fun hastane yemeklerinden ho\u015flanmamas\u0131, yeme\u011fin uygun zamanda gelmemesi, uygun sunumlar\u0131n olmamas\u0131, yeme\u011fin uygun s\u0131cakl\u0131kta ve lezzette olmamas\u0131 da k\u00f6t\u00fc beslenme nedenlerinden baz\u0131lar\u0131d\u0131r&#8221; diye konu\u015ftu.<\/p>\n<p>&#8220;Biz sadece \u00e7ocu\u011fu de\u011fil, anneyi de beslemi\u015f oluyoruz&#8221;<br \/>\n<br \/>Onkoloji Diyetisyeni Do\u00e7. Dr. Derya Hopanc\u0131 B\u0131\u00e7akl\u0131, \u00e7ocukluk \u00e7a\u011f\u0131 kanserlerinde yaln\u0131zca \u00e7ocu\u011fun de\u011fil, annenin de durumunun \u00f6nemli oldu\u011funu belirterek, &#8220;Bu s\u00fcre\u00e7, \u00e7o\u011funlukla anneyle birlikte y\u00fcr\u00fct\u00fclen bir s\u00fcre\u00e7tir. Annenin \u00e7ocu\u011funa bakarken en b\u00fcy\u00fck endi\u015fesi, \u00e7ocu\u011funun yemek yememesi olur. Annenin \u0131srar\u0131 ve \u00e7ocu\u011fun besini reddetmesi nedeniyle aralar\u0131ndaki ili\u015fki de olumsuz etkilenir. Bizim verdi\u011fimiz beslenme deste\u011fi, sadece \u00e7ocuk beslenmekle kalmaz ayn\u0131 zamanda anneyi de rahatlat\u0131r ruhen besler&#8221; dedi. Do\u00e7. Dr. Hopanc\u0131 B\u0131\u00e7akl\u0131, onkoloji diyetisyenlerinin, tedavi s\u00fcrecinin ba\u015f\u0131ndan sonuna kadar, hatta iyile\u015fme sonras\u0131 takiplerde de yer almas\u0131 gerekti\u011finin alt\u0131n\u0131 \u00e7izdi.<\/p>\n<p>&#8220;Kemoterapi ve Radyoterapi beslenme yetersizli\u011fine yol a\u00e7\u0131yor&#8221;<br \/>\n<br \/>Do\u00e7. Dr. Hopanc\u0131 B\u0131\u00e7akl\u0131, &#8220;\u00c7ocukluk \u00e7a\u011f\u0131 kanserlerinde kemoterapinin yan etkileri aras\u0131nda bulant\u0131, kusma, mukozit, kab\u0131zl\u0131k veya ishal, i\u015ftahs\u0131zl\u0131k ve g\u00fc\u00e7s\u00fczl\u00fck bulunur. Bulant\u0131s\u0131 olan hastalara kuru, ya\u011fs\u0131z, tuzlu besinler; kab\u0131zl\u0131k durumunda posa i\u00e7eri\u011fi y\u00fcksek besinler \u00f6nerilirken, i\u015ftahs\u0131z hastalarda ise y\u00fcksek enerjili ve protein i\u00e7eren besinler tavsiye edilir. Radyoterapide ise uygulanma b\u00f6lgesine ba\u011fl\u0131 olarak g\u00f6r\u00fclen yan etkiler kar\u015f\u0131s\u0131nda alabilece\u011fimiz beslenme tedbirleri bulunmaktad\u0131r. \u00c7ocuklar, tat kayb\u0131 nedeniyle eskiden sevdikleri besinleri reddedebilir, a\u011f\u0131z yaralar\u0131 ise su i\u00e7meyi bile zorla\u015ft\u0131rabilir. Onkoloji diyetisyeninin \u00f6nerdi\u011fi oral beslenme destek \u00fcr\u00fcnleri kullan\u0131lmal\u0131 ve a\u011f\u0131z bak\u0131m\u0131 titizlikle yap\u0131lmal\u0131d\u0131r.  Bu durumda,  yumu\u015fak, sulu ve besin de\u011feri y\u00fcksek besinler tercih edilmeli, diyetisyen \u00f6nerilerine uyulmal\u0131d\u0131r. Ayr\u0131ca, yemeklerin e\u011flenceli sunumu ve uygun ortamlar da i\u015ftah\u0131 art\u0131rabilir. \u00c7ocuklar\u0131n bu zorlu tedavi s\u00fcrecinde eksiksiz beslenerek tedavilerini etkili bir \u015fekilde tamamlamalar\u0131, b\u00fcy\u00fcy\u00fcp geli\u015fmeleri, tedavi s\u00fcrecinde \u00e7ocuklar\u0131n g\u00fc\u00e7lenerek, tedaviye ara vermeden ve k\u00fcr gecikmelerine sebep olmadan ilerlemeleri ve nihayetinde iyile\u015fmeleri bizlerin en b\u00fcy\u00fck motivasyon kayna\u011f\u0131d\u0131r&#8221; diye konu\u015ftu.<br \/><\/p>\n","protected":false},"excerpt":{"rendered":"<p>\u00c7ocukluk \u00e7a\u011f\u0131 kanserlerinde beslenme, hastal\u0131kla m\u00fccadelede hayati bir rol oynuyor. Sa\u011fl\u0131kl\u0131 \u00e7ocuklarda oldu\u011fu gibi, kanser tedavisi g\u00f6ren \u00e7ocuklarda da beslenme \u00f6ncelikli konular aras\u0131nda yer al\u0131yor. Hastal\u0131kla sava\u015f\u0131rken bir yandan da b\u00fcy\u00fcme ve geli\u015fme g\u00f6stermesi gereken \u00e7ocuklar i\u00e7in dengeli ve do\u011fru beslenme daha da \u00f6nem kazan\u0131yor. Ege \u00dcniversitesi T\u0131p Fak\u00fcltesi Hastanesi, Onkoloji Diyetisyeni Do\u00e7. Dr. Derya&#8230;<\/p>\n","protected":false},"author":1,"featured_media":18741,"comment_status":"open","ping_status":"open","sticky":false,"template":"","format":"standard","meta":{"_crdt_document":"","footnotes":""},"categories":[2],"tags":[],"class_list":["post-18740","post","type-post","status-publish","format-standard","has-post-thumbnail","hentry","category-saglik"],"_links":{"self":[{"href":"https:\/\/www.egemtv.com\/index.php?rest_route=\/wp\/v2\/posts\/18740","targetHints":{"allow":["GET"]}}],"collection":[{"href":"https:\/\/www.egemtv.com\/index.php?rest_route=\/wp\/v2\/posts"}],"about":[{"href":"https:\/\/www.egemtv.com\/index.php?rest_route=\/wp\/v2\/types\/post"}],"author":[{"embeddable":true,"href":"https:\/\/www.egemtv.com\/index.php?rest_route=\/wp\/v2\/users\/1"}],"replies":[{"embeddable":true,"href":"https:\/\/www.egemtv.com\/index.php?rest_route=%2Fwp%2Fv2%2Fcomments&post=18740"}],"version-history":[{"count":1,"href":"https:\/\/www.egemtv.com\/index.php?rest_route=\/wp\/v2\/posts\/18740\/revisions"}],"predecessor-version":[{"id":18742,"href":"https:\/\/www.egemtv.com\/index.php?rest_route=\/wp\/v2\/posts\/18740\/revisions\/18742"}],"wp:featuredmedia":[{"embeddable":true,"href":"https:\/\/www.egemtv.com\/index.php?rest_route=\/wp\/v2\/media\/18741"}],"wp:attachment":[{"href":"https:\/\/www.egemtv.com\/index.php?rest_route=%2Fwp%2Fv2%2Fmedia&parent=18740"}],"wp:term":[{"taxonomy":"category","embeddable":true,"href":"https:\/\/www.egemtv.com\/index.php?rest_route=%2Fwp%2Fv2%2Fcategories&post=18740"},{"taxonomy":"post_tag","embeddable":true,"href":"https:\/\/www.egemtv.com\/index.php?rest_route=%2Fwp%2Fv2%2Ftags&post=18740"}],"curies":[{"name":"wp","href":"https:\/\/api.w.org\/{rel}","templated":true}]}}