{"id":18734,"date":"2025-02-14T10:38:18","date_gmt":"2025-02-14T07:38:18","guid":{"rendered":"https:\/\/www.egemtv.com\/?p=18734"},"modified":"2025-02-14T10:38:24","modified_gmt":"2025-02-14T07:38:24","slug":"afad-aydin-il-mudurlugu-miniklere-afet-egitimi-verdi","status":"publish","type":"post","link":"https:\/\/www.egemtv.com\/?p=18734","title":{"rendered":"AFAD Ayd\u0131n \u0130l M\u00fcd\u00fcrl\u00fc\u011f\u00fc, miniklere afet e\u011fitimi verdi"},"content":{"rendered":"<p>AFAD Ayd\u0131n \u0130l M\u00fcd\u00fcrl\u00fc\u011f\u00fc Efeler il\u00e7esindeki \u00f6zel bir anaokulunda, deprem durumunda nas\u0131l davran\u0131lmas\u0131 gerekti\u011fi konusunda bilgilendirme yapt\u0131.<\/p>\n<p>AFAD Ayd\u0131n \u0130l M\u00fcd\u00fcrl\u00fc\u011f\u00fc Efeler il\u00e7esindeki \u00f6zel bir anaokulunda deprem g\u00fcvenli\u011fi e\u011fitimi d\u00fczenledi. Minik \u00f6\u011frenciler ve \u00f6\u011fretmenleri bir araya gelen AFAD personelleri, \u00e7ocuklara ve \u00f6\u011fretmenlere deprem an\u0131nda nas\u0131l davranmalar\u0131 gerekti\u011fi konusunda bilgilendirmelerde bulundu. E\u011fitim kapsam\u0131nda afet g\u00fcvenli\u011fi hakk\u0131nda temel bilgiler verilirken, deprem s\u0131ras\u0131nda yap\u0131lmas\u0131 gereken do\u011fru hareketler ve g\u00fcvenli alanlar hakk\u0131nda tatbikat yapt\u0131r\u0131ld\u0131.<\/p>\n<p>AFAD Ayd\u0131n \u0130l M\u00fcd\u00fcrl\u00fc\u011f\u00fc taraf\u0131ndan yap\u0131lan a\u00e7\u0131klamada, &#8220;Sayg\u0131 temelli bir ileti\u015fim, \u00e7ocuklar\u0131n kendilerini de\u011ferli hissetmelerini sa\u011flar ve \u00f6\u011frenmeye olan motivasyonlar\u0131n\u0131 art\u0131r\u0131r. \u00c7ocuklar\u0131m\u0131z\u0131 \u00f6nemsiyor, afetlere kar\u015f\u0131 bilin\u00e7lendiriyoruz&#8221; denildi.<br \/><\/p>\n","protected":false},"excerpt":{"rendered":"<p>AFAD Ayd\u0131n \u0130l M\u00fcd\u00fcrl\u00fc\u011f\u00fc Efeler il\u00e7esindeki \u00f6zel bir anaokulunda, deprem durumunda nas\u0131l davran\u0131lmas\u0131 gerekti\u011fi konusunda bilgilendirme yapt\u0131. AFAD Ayd\u0131n \u0130l M\u00fcd\u00fcrl\u00fc\u011f\u00fc Efeler il\u00e7esindeki \u00f6zel bir anaokulunda deprem g\u00fcvenli\u011fi e\u011fitimi d\u00fczenledi. Minik \u00f6\u011frenciler ve \u00f6\u011fretmenleri bir araya gelen AFAD personelleri, \u00e7ocuklara ve \u00f6\u011fretmenlere deprem an\u0131nda nas\u0131l davranmalar\u0131 gerekti\u011fi konusunda bilgilendirmelerde bulundu. E\u011fitim kapsam\u0131nda afet g\u00fcvenli\u011fi hakk\u0131nda&#8230;<\/p>\n","protected":false},"author":1,"featured_media":18735,"comment_status":"open","ping_status":"open","sticky":false,"template":"","format":"standard","meta":{"_crdt_document":"","footnotes":""},"categories":[1],"tags":[],"class_list":["post-18734","post","type-post","status-publish","format-standard","has-post-thumbnail","hentry","category-guncel"],"_links":{"self":[{"href":"https:\/\/www.egemtv.com\/index.php?rest_route=\/wp\/v2\/posts\/18734","targetHints":{"allow":["GET"]}}],"collection":[{"href":"https:\/\/www.egemtv.com\/index.php?rest_route=\/wp\/v2\/posts"}],"about":[{"href":"https:\/\/www.egemtv.com\/index.php?rest_route=\/wp\/v2\/types\/post"}],"author":[{"embeddable":true,"href":"https:\/\/www.egemtv.com\/index.php?rest_route=\/wp\/v2\/users\/1"}],"replies":[{"embeddable":true,"href":"https:\/\/www.egemtv.com\/index.php?rest_route=%2Fwp%2Fv2%2Fcomments&post=18734"}],"version-history":[{"count":1,"href":"https:\/\/www.egemtv.com\/index.php?rest_route=\/wp\/v2\/posts\/18734\/revisions"}],"predecessor-version":[{"id":18736,"href":"https:\/\/www.egemtv.com\/index.php?rest_route=\/wp\/v2\/posts\/18734\/revisions\/18736"}],"wp:featuredmedia":[{"embeddable":true,"href":"https:\/\/www.egemtv.com\/index.php?rest_route=\/wp\/v2\/media\/18735"}],"wp:attachment":[{"href":"https:\/\/www.egemtv.com\/index.php?rest_route=%2Fwp%2Fv2%2Fmedia&parent=18734"}],"wp:term":[{"taxonomy":"category","embeddable":true,"href":"https:\/\/www.egemtv.com\/index.php?rest_route=%2Fwp%2Fv2%2Fcategories&post=18734"},{"taxonomy":"post_tag","embeddable":true,"href":"https:\/\/www.egemtv.com\/index.php?rest_route=%2Fwp%2Fv2%2Ftags&post=18734"}],"curies":[{"name":"wp","href":"https:\/\/api.w.org\/{rel}","templated":true}]}}