{"id":18728,"date":"2025-02-14T10:33:47","date_gmt":"2025-02-14T07:33:47","guid":{"rendered":"https:\/\/www.egemtv.com\/?p=18728"},"modified":"2025-02-14T10:33:52","modified_gmt":"2025-02-14T07:33:52","slug":"alacaklarini-tahsil-etsin-diye-tuttugu-avukati-da-onu-dolandirdi-2","status":"publish","type":"post","link":"https:\/\/www.egemtv.com\/?p=18728","title":{"rendered":"Alacaklar\u0131n\u0131 tahsil etsin diye tuttu\u011fu avukat\u0131 da onu doland\u0131rd\u0131"},"content":{"rendered":"<p>\u0130zmir\u2019de ya\u015fayan Abdulkadir Bal\u0131m, iddiaya g\u00f6re Almanya\u2019da \u00e7al\u0131\u015ft\u0131\u011f\u0131 s\u0131rada i\u015f arkada\u015f\u0131 olan iki karde\u015fe 140 bin Euro bor\u00e7 verdi. Borcunu alabilmek i\u00e7in ayn\u0131 zamanda akrabas\u0131 olan bir avukatla anla\u015fan Bal\u0131m, bu kez avukat\u0131 taraf\u0131ndan doland\u0131r\u0131ld\u0131. Talihsiz gurbet\u00e7i, toplamda 220 bin Euro zarara u\u011frad\u0131\u011f\u0131 gerek\u00e7esiyle bir ba\u015fka avukat tutarak su\u00e7 duyurusunda bulundu.<br \/>\n<br \/>\u0130zmir\u2019in Kar\u015f\u0131yaka il\u00e7esinde ya\u015fayan i\u015f\u00e7i emeklisi Abdulkadir Bal\u0131m (57), iddiaya g\u00f6re Almanya\u2019da \u00e7al\u0131\u015ft\u0131\u011f\u0131 d\u00f6nem i\u015f arkada\u015f\u0131 olan iki karde\u015fe 140 bin Euro bor\u00e7 verdi ve kar\u015f\u0131l\u0131\u011f\u0131nda senet ald\u0131. Zaman i\u00e7erisinde paras\u0131n\u0131 alamayan Bal\u0131m, yak\u0131n akrabas\u0131 olan avukat \u0130.Y.\u2019ye ba\u015fvurdu. Avukat, senedi ald\u0131ktan sonra Bal\u0131m\u2019dan ilk olarak teminat bedeli \u00f6demesini istedi. Daha sonra ise farkl\u0131 zamanlarda yine dava i\u00e7in \u2018\u00f6deme yapmas\u0131 gerekti\u011fini\u2019 belirtti. Bu durumun birka\u00e7 y\u0131l s\u00fcrmesinin ard\u0131ndan talihsiz adam, bir tan\u0131d\u0131\u011f\u0131n\u0131n kendisini uyarmas\u0131yla doland\u0131r\u0131ld\u0131\u011f\u0131n\u0131 fark etti. Bor\u00e7 verdi\u011fi i\u015f arkada\u015flar\u0131 ve dava i\u00e7in anla\u015ft\u0131\u011f\u0131 avukat \u0130.Y.\u2019nin birlikte i\u015fbirli\u011fi de yapt\u0131\u011f\u0131n\u0131 \u00f6ne s\u00fcren Abdulkadir Bal\u0131m, toplamda 220 bin Euro zarara u\u011frad\u0131. Sonras\u0131nda savc\u0131l\u0131\u011fa su\u00e7 duyurusunda bulunan ma\u011fdur adam \u015fimdi ise adaletin yerini bulmas\u0131n\u0131 istiyor.<\/p>\n<p>&#8220;Avukat \u2018\u00dccret istemem, biz akrabay\u0131z\u2019 dedi&#8221;<br \/>\n<br \/>Ba\u015f\u0131ndan ge\u00e7en olay\u0131 anlatan Abdulkadir Bal\u0131m, &#8220;Almanya\u2019dan i\u015f arkada\u015f\u0131m olan iki karde\u015fe 140 bin Euro para vermi\u015ftim. Bu paray\u0131 bana \u00f6demediler. Ben de 2016 y\u0131l\u0131nda paray\u0131 alabilmek i\u00e7in akrabam olan bir avukata ba\u015fvurdum. Avukat bana \u2018Ben paray\u0131 al\u0131r\u0131m, senden \u00fccret istemem. Biz akrabay\u0131z\u2019 dedi. Benden senedi ald\u0131ktan \u00fc\u00e7 g\u00fcn sonra, y\u00fczde 14 teminat bedelinin oldu\u011funu s\u00f6yleyerek 14 bin euro para istedi. Ben de verdim. \u00dc\u00e7 g\u00fcn sonra tekrar arad\u0131. \u2018Hakimin bu rakam\u0131 kabul etmedi\u011fini, y\u00fczde be\u015f daha vermem gerekti\u011fini\u2019 s\u00f6yledi. Bu paray\u0131 da verdim. Sonra beni arad\u0131 ve \u2018hakimin paray\u0131 icradan al\u0131p ka\u00e7t\u0131\u011f\u0131n\u0131, bu paran\u0131n pe\u015finde oldu\u011funu\u2019 belirtti. Sonra bu senedi bir s\u00fcre icraya koydu. Benim alacakl\u0131 oldu\u011fum \u015fah\u0131slardan da farkl\u0131 miktarlarda para alm\u0131\u015f ve kar\u015f\u0131l\u0131\u011f\u0131nda arsa vermi\u015f. Benim olaylardan haberim yok. \u0130ki taraf da kendi aralar\u0131nda anla\u015fm\u0131\u015f. Sonra davay\u0131 kapat\u0131yor ve olay\u0131 bitiriyor&#8221; dedi.<\/p>\n<p>&#8220;Beni tehdit etti, su\u00e7 duyurusunda bulundum&#8221;<br \/>\n<br \/>Kaybetti\u011fi paran\u0131n 35 y\u0131ll\u0131k al\u0131n teri oldu\u011funu ifade eden Bal\u0131m, &#8220;Benim bir s\u00fcre olaydan haberim olmuyor. Sonra yine davay\u0131 sonu\u00e7land\u0131rmak i\u00e7in \u00e7e\u015fitli sebeplerle benden para istedi. 2023 y\u0131l\u0131na kadar benden 7 bin euro para ald\u0131. Toplam zarar\u0131m yasal faizleriyle birlikte 220 bin euro. Bir arkada\u015f\u0131m\u0131n beni uyarmas\u0131yla doland\u0131r\u0131ld\u0131\u011f\u0131m\u0131 fark ettim. \u0130nsanda vicdan olmas\u0131 laz\u0131m. Bu avukat benim yak\u0131n akrabam. Bu y\u00fczden ona g\u00fcvendim. Beni tehdit etti. Senet verece\u011fini, sadece disiplin cezas\u0131 yiyece\u011fini ve kendisine ba\u015fka bir \u015feyin olmayaca\u011f\u0131n\u0131 s\u00f6yledi. Senet teklif edince ben de almak zorunda kald\u0131m. Senet vadesi dolunca paray\u0131 vermedi. Aradan zaman ge\u00e7ti param\u0131 alamad\u0131m. Hem alacakl\u0131 oldu\u011fum arkada\u015flar\u0131m hem de avukat\u0131m hakk\u0131nda su\u00e7 duyurusunda bulundum&#8221; ifadelerine yer verdi.<br \/>\n<br \/>T\u00fcrk adaletine g\u00fcvendi\u011finin alt\u0131n\u0131 \u00e7izen Bal\u0131m, bor\u00e7 verdi\u011fi ki\u015filerin ve avukat\u0131n cezaland\u0131r\u0131lmas\u0131n\u0131 istedi\u011fini belirtti. Bal\u0131m, son olarak gurbet\u00e7ilere bu tarz konularda \u00e7ok dikkatli olmalar\u0131 y\u00f6n\u00fcnde uyar\u0131larda bulundu.<\/p>\n<p>&#8220;Su\u00e7 duyurusunda bulunduk ve gerekli delilleri toplad\u0131k&#8221;<br \/>\n<br \/>Dava s\u00fcrecine dair bilgiler aktaran Avukat Ahmet Altun ise &#8220;M\u00fcvekkilim 2016 y\u0131l\u0131nda alacaklar\u0131n\u0131 tahsil etmek amac\u0131yla g\u00fcvendi\u011fi bir avukata vekalet vermi\u015f. Bu avukat aray\u0131\u015f\u0131 s\u00fcrecinde kendi akrabas\u0131 olan avukat ile anla\u015fm\u0131\u015f. Avukat, ne yaz\u0131k ki m\u00fcvekkilimin g\u00fcvenini k\u00f6t\u00fcye kullanm\u0131\u015f, dosyas\u0131yla ilgili hukuka ayk\u0131r\u0131 i\u015flemler yapm\u0131\u015f ve m\u00fcvekkilimi b\u00fcy\u00fck bir ma\u011fduriyete u\u011fratm\u0131\u015ft\u0131r. M\u00fcvekkilim tahsil edilmek \u00fczere 140 bin Euro de\u011ferindeki senedi avukata vermi\u015f. S\u00fcre\u00e7 i\u00e7inde m\u00fcvekkilimden \u00f6nce teminat bedeli, ard\u0131ndan farkl\u0131 paralar tahsil edilmi\u015ftir. Bu para avukat taraf\u0131ndan al\u0131nd\u0131ktan sonra \u2018Hakim paray\u0131 ald\u0131 ka\u00e7t\u0131\u2019 \u015feklinde ger\u00e7ek d\u0131\u015f\u0131 a\u00e7\u0131klamalarda bulunulmu\u015f. M\u00fcvekkilime geri d\u00f6n\u00fc\u015f yapmam\u0131\u015f. M\u00fcvekkilimden habersiz \u015fekilde alacak tahsil edilmi\u015f, kar\u015f\u0131l\u0131\u011f\u0131nda dosyadan feragat edilmi\u015f ve hacizler kald\u0131r\u0131lm\u0131\u015f. Kalan miktarla ilgili m\u00fcvekkilimden onay al\u0131nmadan icra dosyas\u0131 kapat\u0131lm\u0131\u015f. T\u00fcm bu s\u00fcre\u00e7 hukuka ayk\u0131r\u0131 \u015fekilde y\u00fcr\u00fct\u00fclm\u00fc\u015f. 2018 y\u0131l\u0131nda dosya kapat\u0131lmas\u0131na ra\u011fmen 2023 y\u0131l\u0131na kadar m\u00fcvekkilimden farkl\u0131 bahanelerle para al\u0131nmaya devam edilmi\u015f. Tahsil edilen bu paran\u0131n ak\u0131beti belli de\u011fil. Taraf\u0131m\u0131zca hukuki s\u00fcre\u00e7 ba\u015flat\u0131ld\u0131. Su\u00e7 duyurusunda bulunduk ve gerekli delilleri toplad\u0131k&#8221; a\u00e7\u0131klamalar\u0131na yer verdi.<\/p>\n<p>Vatanda\u015flara uyar\u0131<br \/>\n<br \/>Altun son olarak, vatanda\u015flara da vekalet verdikleri avukatlar\u0131 iyice ara\u015ft\u0131rmalar\u0131 ve vekaletname belgesinde vermi\u015f olduklar\u0131 yetkilerin neleri kapsad\u0131\u011f\u0131n\u0131 idrak etmeleri y\u00f6n\u00fcnde uyar\u0131larda bulundu.<br \/><\/p>\n","protected":false},"excerpt":{"rendered":"<p>\u0130zmir\u2019de ya\u015fayan Abdulkadir Bal\u0131m, iddiaya g\u00f6re Almanya\u2019da \u00e7al\u0131\u015ft\u0131\u011f\u0131 s\u0131rada i\u015f arkada\u015f\u0131 olan iki karde\u015fe 140 bin Euro bor\u00e7 verdi. Borcunu alabilmek i\u00e7in ayn\u0131 zamanda akrabas\u0131 olan bir avukatla anla\u015fan Bal\u0131m, bu kez avukat\u0131 taraf\u0131ndan doland\u0131r\u0131ld\u0131. Talihsiz gurbet\u00e7i, toplamda 220 bin Euro zarara u\u011frad\u0131\u011f\u0131 gerek\u00e7esiyle bir ba\u015fka avukat tutarak su\u00e7 duyurusunda bulundu. \u0130zmir\u2019in Kar\u015f\u0131yaka il\u00e7esinde ya\u015fayan&#8230;<\/p>\n","protected":false},"author":1,"featured_media":18731,"comment_status":"open","ping_status":"open","sticky":false,"template":"","format":"standard","meta":{"_crdt_document":"","footnotes":""},"categories":[1],"tags":[],"class_list":["post-18728","post","type-post","status-publish","format-standard","has-post-thumbnail","hentry","category-guncel"],"_links":{"self":[{"href":"https:\/\/www.egemtv.com\/index.php?rest_route=\/wp\/v2\/posts\/18728","targetHints":{"allow":["GET"]}}],"collection":[{"href":"https:\/\/www.egemtv.com\/index.php?rest_route=\/wp\/v2\/posts"}],"about":[{"href":"https:\/\/www.egemtv.com\/index.php?rest_route=\/wp\/v2\/types\/post"}],"author":[{"embeddable":true,"href":"https:\/\/www.egemtv.com\/index.php?rest_route=\/wp\/v2\/users\/1"}],"replies":[{"embeddable":true,"href":"https:\/\/www.egemtv.com\/index.php?rest_route=%2Fwp%2Fv2%2Fcomments&post=18728"}],"version-history":[{"count":1,"href":"https:\/\/www.egemtv.com\/index.php?rest_route=\/wp\/v2\/posts\/18728\/revisions"}],"predecessor-version":[{"id":18732,"href":"https:\/\/www.egemtv.com\/index.php?rest_route=\/wp\/v2\/posts\/18728\/revisions\/18732"}],"wp:featuredmedia":[{"embeddable":true,"href":"https:\/\/www.egemtv.com\/index.php?rest_route=\/wp\/v2\/media\/18731"}],"wp:attachment":[{"href":"https:\/\/www.egemtv.com\/index.php?rest_route=%2Fwp%2Fv2%2Fmedia&parent=18728"}],"wp:term":[{"taxonomy":"category","embeddable":true,"href":"https:\/\/www.egemtv.com\/index.php?rest_route=%2Fwp%2Fv2%2Fcategories&post=18728"},{"taxonomy":"post_tag","embeddable":true,"href":"https:\/\/www.egemtv.com\/index.php?rest_route=%2Fwp%2Fv2%2Ftags&post=18728"}],"curies":[{"name":"wp","href":"https:\/\/api.w.org\/{rel}","templated":true}]}}