{"id":18725,"date":"2025-02-14T10:33:42","date_gmt":"2025-02-14T07:33:42","guid":{"rendered":"https:\/\/www.egemtv.com\/?p=18725"},"modified":"2025-02-14T10:33:47","modified_gmt":"2025-02-14T07:33:47","slug":"baskan-tugay-yamanlarda-20nci-cocuk-etkinlik-merkezinin-acilisini-yapti","status":"publish","type":"post","link":"https:\/\/www.egemtv.com\/?p=18725","title":{"rendered":"Ba\u015fkan Tugay Yamanlar\u2019da 20\u2019nci \u00e7ocuk etkinlik merkezinin a\u00e7\u0131l\u0131\u015f\u0131n\u0131 yapt\u0131"},"content":{"rendered":"<p>\u0130zmir B\u00fcy\u00fck\u015fehir Belediyesi, kentin bir\u00e7ok b\u00f6lgesinde faaliyet g\u00f6steren Yuvam\u0131z \u0130zmir \u00c7ocuk Etkinlik Merkezlerinin say\u0131s\u0131n\u0131 20\u2019ye \u00e7\u0131kard\u0131. Yamanlar\u2019da kurulan \u00c7ocuk Etkinlik Merkezi \u0130zmir B\u00fcy\u00fck\u015fehir Belediye Ba\u015fkan\u0131 Dr. Cemil Tugay\u2019\u0131n kat\u0131ld\u0131\u011f\u0131 t\u00f6renle a\u00e7\u0131ld\u0131. Ba\u015fkan Tugay, merkezlerin say\u0131s\u0131n\u0131 bu y\u0131l 25\u2019e \u00e7\u0131karmay\u0131 hedeflediklerini s\u00f6yledi.<br \/>\n<br \/>\u0130zmir B\u00fcy\u00fck\u015fehir Belediyesi\u2019nin 36-66 ay aras\u0131 \u00e7ocuklara y\u00f6nelik faaliyet g\u00f6steren Yuvam\u0131z \u0130zmir \u00c7ocuk Etkinlik Merkezleri\u2019nin 20\u2019ncisi Yamanlar\u2019da a\u00e7\u0131ld\u0131. Yuvam\u0131z \u0130zmir Yamanlar, \u0130zmir B\u00fcy\u00fck\u015fehir Belediye Ba\u015fkan\u0131 Dr. Cemil Tugay\u2019\u0131n kat\u0131ld\u0131\u011f\u0131 t\u00f6renle hizmete girdi. T\u00f6rene Bayrakl\u0131 Belediye Ba\u015fkan\u0131 \u0130rfan \u00d6nal ve merkezden yararlanan veliler kat\u0131ld\u0131.<\/p>\n<p>&#8220;Adaleti sa\u011flamak i\u00e7in hassasiyet g\u00f6steriyoruz&#8221;<br \/>\n<br \/>T\u00f6rende konu\u015fan \u0130zmir B\u00fcy\u00fck\u015fehir Belediye Ba\u015fkan\u0131 Dr. Cemil Tugay, kent genelinde adaletli bir yerel y\u00f6netim anlay\u0131\u015f\u0131 s\u00fcrd\u00fcrd\u00fcklerini belirtti. T\u00fcm il\u00e7e belediye ba\u015fkanlar\u0131 ile birlikte bu anlay\u0131\u015fla \u00e7al\u0131\u015ft\u0131klar\u0131n\u0131 kaydeden Ba\u015fkan Tugay, &#8220;\u0130zmir\u2019in her il\u00e7esinde, her semtinde adaleti ve hizmete eri\u015fimde e\u015fitli\u011fi sa\u011flamak ad\u0131na hassasiyet g\u00f6steriyoruz. Her ya\u015f grubuna y\u00f6nelik sosyal hizmetlerimiz var ancak gelece\u011fimizin teminat\u0131 olan \u00e7ocuklar\u0131m\u0131z ve gen\u00e7lerimiz, ileri ya\u015f ve engelli yurtta\u015flar\u0131m\u0131z i\u00e7in daha fazla hizmet \u00fcretmek i\u00e7in \u00e7al\u0131\u015f\u0131yoruz. Altyap\u0131, ula\u015f\u0131m, trafik, kentsel d\u00f6n\u00fc\u015f\u00fcm alanlar\u0131nda sa\u011fl\u0131kl\u0131 bir yol haritas\u0131 do\u011frultusunda ilerlerken di\u011fer taraftan hi\u00e7bir yurtta\u015f\u0131m\u0131z\u0131n kendisini bu \u015fehirde d\u0131\u015flanm\u0131\u015f, yaln\u0131z hissetmemesi ad\u0131na sosyal hizmetlerimizi g\u00fc\u00e7l\u00fc bir \u015fekilde devam ettiriyoruz&#8221; dedi.<\/p>\n<p>&#8220;\u015eehrimize hay\u0131rl\u0131 olsun&#8221;<br \/>\n<br \/>Konu\u015fmas\u0131nda \u00e7ocuklar\u0131n gelece\u011fini \u015fekillendirmede e\u011fitimin \u00f6nemine i\u015faret eden Ba\u015fkan Tugay, say\u0131s\u0131 20\u2019yi bulan Yuvam\u0131z \u0130zmir \u00c7ocuk Etkinlik Merkezleri\u2019nde \u00f6zg\u00fcvenli, \u00fclkesine ba\u011fl\u0131, donan\u0131ml\u0131 \u00e7ocuklar yeti\u015ftirdiklerini belirterek, &#8220;T\u00fcrkiye\u2019de do\u011fan hi\u00e7bir \u00e7ocuk ba\u015fka \u00fclkede do\u011fan herhangi bir \u00e7ocu\u011fa g\u00f6re daha d\u00fc\u015f\u00fck kapasitede de\u011fil. G\u00fc\u00e7l\u00fc bir medeniyetin evlad\u0131 olarak d\u00fcnyaya geliyor. Yapmam\u0131z gereken \u015fey onlar\u0131 yeterli donan\u0131ma getirmek, hayata haz\u0131rlamak. Ke\u015fke bu g\u00f6rev hakk\u0131yla ve lay\u0131k\u0131yla ilgili bakanl\u0131klarca yerine getirilmi\u015f olsayd\u0131 da biz sadece yol yapsayd\u0131k, temizlikle u\u011fra\u015fsayd\u0131k. Ama buralarda eksiklik g\u00f6rd\u00fc\u011f\u00fcm\u00fcz ve buna raz\u0131 olmad\u0131\u011f\u0131m\u0131z i\u00e7in bu t\u00fcr hizmetleri yap\u0131yoruz ve yapmaya devam edece\u011fiz. \u00d6\u011fretmenlerimize de te\u015fekk\u00fcr ediyorum. \u00d6\u011fretmenlik zor i\u015ftir. Anaokullar\u0131m\u0131zdaki \u00f6\u011fretmenlerimizle gurur duyuyorum. \u00c7al\u0131\u015fmalar\u0131ndan \u00e7ok memnunuz. Ama daha iyisini yapmak i\u00e7in herkesin katk\u0131s\u0131n\u0131 bekledi\u011fimiz gibi onlar\u0131n da katk\u0131s\u0131n\u0131 bekliyoruz. Buradan e\u011fitim alan \u00e7ocuklar \u015fehrini, \u00fclkesini \u00f6\u011frenecek, gelece\u011fe dair \u00f6nemli donan\u0131ma sahip olacak. Biz de onlar\u0131 geli\u015firken izlemekten keyif alaca\u011f\u0131z. Yeni merkezimiz \u015fehrimize hay\u0131rl\u0131 olsun&#8221; ifadelerini kulland\u0131.<\/p>\n<p>Ba\u015fkan Tugay\u2019a te\u015fekk\u00fcr<br \/>\n<br \/>Bayrakl\u0131 Belediye Ba\u015fkan\u0131 \u0130rfan \u00d6nal ise, &#8220;Ne mutlu ki g\u00f6reve ba\u015flad\u0131\u011f\u0131m\u0131zdan bu yana desteklerini bizlerden esirgemeyen \u0130zmir B\u00fcy\u00fck\u015fehir Belediye Ba\u015fkan\u0131m\u0131z ile birlikte il\u00e7emizi yeni bir hizmet alan\u0131na kavu\u015fturman\u0131n mutlulu\u011funu ya\u015f\u0131yoruz. \u00c7ocuklar\u0131m\u0131z\u0131 gelece\u011fe haz\u0131rlarken bir yandan \u00e7al\u0131\u015fan ailelerimizin \u00e7ocuklar\u0131n\u0131 b\u0131rakabilecekleri bir yer a\u00e7\u0131yoruz. B\u00fcy\u00fck\u015fehir Belediyesi dar gelirli vatanda\u015flar\u0131m\u0131z\u0131n hep yan\u0131nda oldu, bundan sonra da olmaya devam edecek&#8221; dedi.<\/p>\n<p>Muhtar mahalleli ad\u0131na te\u015fekk\u00fcrlerini sundu<br \/>\n<br \/>Yeni tesisi gezen ve \u00e7ocuklarla birlikte etkinliklere kat\u0131lan B\u00fcy\u00fck\u015fehir Belediye Ba\u015fkan\u0131 Tugay a\u00e7\u0131l\u0131\u015f\u0131n ard\u0131ndan Yamanlar Mahallesi Muhtar\u0131 Alperen Altun\u2019u ziyaret etti. Ba\u015fkan Tugay\u2019a taleplerini ileten Altun, &#8220;Uzun s\u00fcredir beklenen hizmetleri k\u0131sa s\u00fcrede mahallemize getirdiniz. Te\u015fekk\u00fcr ediyoruz&#8221; dedi. Kendisine H\u0131z\u0131r lokmas\u0131 ikram edilen Ba\u015fkan Tugay ayr\u0131ca mahallede yang\u0131n sonras\u0131 at\u0131l hale gelen spor tesisinin yenilenmesi, dere kenarlar\u0131 ile okul \u00f6nlerinin temizli\u011finin sa\u011flanmas\u0131 i\u00e7in gerekli \u00e7al\u0131\u015fmalar\u0131n ba\u015flat\u0131lmas\u0131 talimat\u0131n\u0131 verdi.<\/p>\n<p>20 merkez, 5 bin TL ayl\u0131k \u00fccret<br \/>\n<br \/>Uzman e\u011fitimci kadrosu, ferah binalar\u0131, renkli s\u0131n\u0131flar\u0131 ve dopdolu i\u00e7eri\u011fiyle Yuvam\u0131z \u0130zmir \u00c7ocuk Etkinlik Merkezlerinde \u00e7ocuklar g\u00fcven ve huzurla mutlu zamanlar ge\u00e7iriyor; aileler de hem ekonomik olarak hem de manevi olarak rahat ediyor. \u0130zmir B\u00fcy\u00fck\u015fehir Belediyesi, t\u00fcm \u00e7ocuklar\u0131n e\u015fit ba\u015flang\u0131\u00e7lar yapmas\u0131, gelece\u011fe g\u00fc\u00e7l\u00fc ad\u0131mlar atmas\u0131 i\u00e7in onlar\u0131 s\u0131cac\u0131k yuvalarla bulu\u015fturmaya devam edecek. Yuvam\u0131z \u0130zmir \u00c7ocuk Etkinlik Merkezleri Alia\u011fa, Ata\u015fehir, Bal\u00e7ova Sel\u00e7uk Ya\u015far, Beyda\u011f, Bornova,  \u0130n\u00f6n\u00fc,  Evka-1, Buca, Dikili, Egekent,  Evka-2,  Evka-4, Gaziemir, \u00d6rnekk\u00f6y, G\u00f6rece, G\u00fczelyal\u0131, Kiraz ve Torbal\u0131, Bayrakl\u0131 ve Yamanlar olmak \u00fczere 20 noktada bulunuyor. Ekonomik ko\u015fullar g\u00f6z \u00f6n\u00fcne al\u0131narak fiyatlarda da indirime gidilmi\u015fti. \u0130zmir B\u00fcy\u00fck\u015fehir Belediye Ba\u015fkan\u0131 Dr. Cemil Tugay\u2019\u0131n talimat\u0131yla 10 bin TL olan ayl\u0131k \u00fccret, 2024 y\u0131l\u0131 kas\u0131m ay\u0131ndan itibaren y\u00fczde 50 indirimle 5 bin TL\u2019ye d\u00fc\u015f\u00fcr\u00fclm\u00fc\u015ft\u00fc.<br \/>\n<br \/>Yuvam\u0131z \u0130zmir Yamanlar, 7360 sokak No:18 Onur Mahallesi\u2019nde yer al\u0131yor. Merkez kay\u0131t yapt\u0131rmak i\u00e7in 0 535 707 33 36 numaral\u0131 telefondan ileti\u015fim sa\u011flanabiliyor.<br \/><\/p>\n","protected":false},"excerpt":{"rendered":"<p>\u0130zmir B\u00fcy\u00fck\u015fehir Belediyesi, kentin bir\u00e7ok b\u00f6lgesinde faaliyet g\u00f6steren Yuvam\u0131z \u0130zmir \u00c7ocuk Etkinlik Merkezlerinin say\u0131s\u0131n\u0131 20\u2019ye \u00e7\u0131kard\u0131. Yamanlar\u2019da kurulan \u00c7ocuk Etkinlik Merkezi \u0130zmir B\u00fcy\u00fck\u015fehir Belediye Ba\u015fkan\u0131 Dr. Cemil Tugay\u2019\u0131n kat\u0131ld\u0131\u011f\u0131 t\u00f6renle a\u00e7\u0131ld\u0131. Ba\u015fkan Tugay, merkezlerin say\u0131s\u0131n\u0131 bu y\u0131l 25\u2019e \u00e7\u0131karmay\u0131 hedeflediklerini s\u00f6yledi. \u0130zmir B\u00fcy\u00fck\u015fehir Belediyesi\u2019nin 36-66 ay aras\u0131 \u00e7ocuklara y\u00f6nelik faaliyet g\u00f6steren Yuvam\u0131z \u0130zmir \u00c7ocuk Etkinlik&#8230;<\/p>\n","protected":false},"author":1,"featured_media":18726,"comment_status":"open","ping_status":"open","sticky":false,"template":"","format":"standard","meta":{"_crdt_document":"","footnotes":""},"categories":[1],"tags":[],"class_list":["post-18725","post","type-post","status-publish","format-standard","has-post-thumbnail","hentry","category-guncel"],"_links":{"self":[{"href":"https:\/\/www.egemtv.com\/index.php?rest_route=\/wp\/v2\/posts\/18725","targetHints":{"allow":["GET"]}}],"collection":[{"href":"https:\/\/www.egemtv.com\/index.php?rest_route=\/wp\/v2\/posts"}],"about":[{"href":"https:\/\/www.egemtv.com\/index.php?rest_route=\/wp\/v2\/types\/post"}],"author":[{"embeddable":true,"href":"https:\/\/www.egemtv.com\/index.php?rest_route=\/wp\/v2\/users\/1"}],"replies":[{"embeddable":true,"href":"https:\/\/www.egemtv.com\/index.php?rest_route=%2Fwp%2Fv2%2Fcomments&post=18725"}],"version-history":[{"count":1,"href":"https:\/\/www.egemtv.com\/index.php?rest_route=\/wp\/v2\/posts\/18725\/revisions"}],"predecessor-version":[{"id":18727,"href":"https:\/\/www.egemtv.com\/index.php?rest_route=\/wp\/v2\/posts\/18725\/revisions\/18727"}],"wp:featuredmedia":[{"embeddable":true,"href":"https:\/\/www.egemtv.com\/index.php?rest_route=\/wp\/v2\/media\/18726"}],"wp:attachment":[{"href":"https:\/\/www.egemtv.com\/index.php?rest_route=%2Fwp%2Fv2%2Fmedia&parent=18725"}],"wp:term":[{"taxonomy":"category","embeddable":true,"href":"https:\/\/www.egemtv.com\/index.php?rest_route=%2Fwp%2Fv2%2Fcategories&post=18725"},{"taxonomy":"post_tag","embeddable":true,"href":"https:\/\/www.egemtv.com\/index.php?rest_route=%2Fwp%2Fv2%2Ftags&post=18725"}],"curies":[{"name":"wp","href":"https:\/\/api.w.org\/{rel}","templated":true}]}}