{"id":18722,"date":"2025-02-14T10:24:55","date_gmt":"2025-02-14T07:24:55","guid":{"rendered":"https:\/\/www.egemtv.com\/?p=18722"},"modified":"2025-02-14T10:24:57","modified_gmt":"2025-02-14T07:24:57","slug":"dis-hekimligi-fakultesi-ogrencileri-beyaz-onluk-giydi","status":"publish","type":"post","link":"https:\/\/www.egemtv.com\/?p=18722","title":{"rendered":"Di\u015f Hekimli\u011fi Fak\u00fcltesi \u00f6\u011frencileri beyaz \u00f6nl\u00fck giydi"},"content":{"rendered":"<p>Ayd\u0131n Adnan Menderes \u00dcniversitesi (AD\u00dc) Di\u015f Hekimli\u011fi Fak\u00fcltesi \u00fc\u00e7\u00fcnc\u00fc s\u0131n\u0131f \u00f6\u011frencilerine y\u00f6nelik d\u00fczenlenen Beyaz \u00d6nl\u00fck Giyme T\u00f6reni Atat\u00fcrk Kongre Merkezi Y\u00f6r\u00fck Ali Efe Salonu\u2019nda ger\u00e7ekle\u015fti.<\/p>\n<p>Sayg\u0131 duru\u015fu ve \u0130stiklal Mar\u015f\u0131 ile ba\u015flayan t\u00f6ren, 3. s\u0131n\u0131f \u00f6\u011frencisi Ufuk Erdem Ero\u011flu\u2019nun piyano resitali, halk oyunlar\u0131 g\u00f6sterisi ve Yar\u0131\u015fma Toplulu\u011fu\u2019ndan Or\u00e7un Kaya\u2019n\u0131n solo zeybek g\u00f6steri ile devam etti. Program\u0131n a\u00e7\u0131\u015f konu\u015fmas\u0131n\u0131 yapan Di\u015f Hekimli\u011fi Fak\u00fcltesi 3.s\u0131n\u0131f temsilcisi Eyl\u00fcl Kamile Bur\u00e7ak, arkada\u015flar\u0131 ile birlikte giydikleri beyaz \u00f6nl\u00fckler ile meslek hayatlar\u0131na ilk ad\u0131mlar\u0131n\u0131 att\u0131klar\u0131n\u0131 belirterek bug\u00fcnden itibaren birer hekim aday\u0131 olduklar\u0131n\u0131 ifade etti.<\/p>\n<p>T\u00f6rende, \u00f6\u011frencileriyle gurur duydu\u011funu belirten Di\u015f Hekimli\u011fi Fak\u00fcltesi Dekan Yard\u0131mc\u0131s\u0131 Do\u00e7. Dr. Sultan Kele\u015f, ailelerinin \u00f6n\u00fcnde onurla giyecekleri beyaz \u00f6nl\u00fc\u011f\u00fcn onlar\u0131 sorumluluk sahibi yapt\u0131\u011f\u0131n\u0131 belirterek t\u00f6reni d\u00fczenleyen \u00f6\u011fretim \u00fcyelerine ve idari personele te\u015fekk\u00fcr etti.<\/p>\n<p>T\u00f6ren, Di\u015f Hekimli\u011fi Fak\u00fcltesi \u00f6\u011fretim \u00fcyelerinin \u00f6\u011frencilere beyaz \u00f6nl\u00fcklerini giydirerek e\u011fitim ve meslek hayatlar\u0131nda ba\u015far\u0131lar dilemesinden ard\u0131ndan toplu foto\u011fraf \u00e7ekimi ile sona erdi.<br \/><\/p>\n","protected":false},"excerpt":{"rendered":"<p>Ayd\u0131n Adnan Menderes \u00dcniversitesi (AD\u00dc) Di\u015f Hekimli\u011fi Fak\u00fcltesi \u00fc\u00e7\u00fcnc\u00fc s\u0131n\u0131f \u00f6\u011frencilerine y\u00f6nelik d\u00fczenlenen Beyaz \u00d6nl\u00fck Giyme T\u00f6reni Atat\u00fcrk Kongre Merkezi Y\u00f6r\u00fck Ali Efe Salonu\u2019nda ger\u00e7ekle\u015fti. Sayg\u0131 duru\u015fu ve \u0130stiklal Mar\u015f\u0131 ile ba\u015flayan t\u00f6ren, 3. s\u0131n\u0131f \u00f6\u011frencisi Ufuk Erdem Ero\u011flu\u2019nun piyano resitali, halk oyunlar\u0131 g\u00f6sterisi ve Yar\u0131\u015fma Toplulu\u011fu\u2019ndan Or\u00e7un Kaya\u2019n\u0131n solo zeybek g\u00f6steri ile devam etti&#8230;.<\/p>\n","protected":false},"author":1,"featured_media":18723,"comment_status":"open","ping_status":"open","sticky":false,"template":"","format":"standard","meta":{"_crdt_document":"","footnotes":""},"categories":[1],"tags":[],"class_list":["post-18722","post","type-post","status-publish","format-standard","has-post-thumbnail","hentry","category-guncel"],"_links":{"self":[{"href":"https:\/\/www.egemtv.com\/index.php?rest_route=\/wp\/v2\/posts\/18722","targetHints":{"allow":["GET"]}}],"collection":[{"href":"https:\/\/www.egemtv.com\/index.php?rest_route=\/wp\/v2\/posts"}],"about":[{"href":"https:\/\/www.egemtv.com\/index.php?rest_route=\/wp\/v2\/types\/post"}],"author":[{"embeddable":true,"href":"https:\/\/www.egemtv.com\/index.php?rest_route=\/wp\/v2\/users\/1"}],"replies":[{"embeddable":true,"href":"https:\/\/www.egemtv.com\/index.php?rest_route=%2Fwp%2Fv2%2Fcomments&post=18722"}],"version-history":[{"count":1,"href":"https:\/\/www.egemtv.com\/index.php?rest_route=\/wp\/v2\/posts\/18722\/revisions"}],"predecessor-version":[{"id":18724,"href":"https:\/\/www.egemtv.com\/index.php?rest_route=\/wp\/v2\/posts\/18722\/revisions\/18724"}],"wp:featuredmedia":[{"embeddable":true,"href":"https:\/\/www.egemtv.com\/index.php?rest_route=\/wp\/v2\/media\/18723"}],"wp:attachment":[{"href":"https:\/\/www.egemtv.com\/index.php?rest_route=%2Fwp%2Fv2%2Fmedia&parent=18722"}],"wp:term":[{"taxonomy":"category","embeddable":true,"href":"https:\/\/www.egemtv.com\/index.php?rest_route=%2Fwp%2Fv2%2Fcategories&post=18722"},{"taxonomy":"post_tag","embeddable":true,"href":"https:\/\/www.egemtv.com\/index.php?rest_route=%2Fwp%2Fv2%2Ftags&post=18722"}],"curies":[{"name":"wp","href":"https:\/\/api.w.org\/{rel}","templated":true}]}}