{"id":18719,"date":"2025-02-14T10:24:50","date_gmt":"2025-02-14T07:24:50","guid":{"rendered":"https:\/\/www.egemtv.com\/?p=18719"},"modified":"2025-02-14T10:24:55","modified_gmt":"2025-02-14T07:24:55","slug":"kuyucak-belediyesinden-kandil-hayri","status":"publish","type":"post","link":"https:\/\/www.egemtv.com\/?p=18719","title":{"rendered":"Kuyucak Belediyesi\u2019nden kandil hayr\u0131"},"content":{"rendered":"<p>Kuyucak Belediyesi K\u00fclt\u00fcr ve Sosyal \u0130\u015fler M\u00fcd\u00fcrl\u00fc\u011f\u00fc personeli Berat Kandili dolay\u0131s\u0131yla il\u00e7edeki camilerde kandil simidi da\u011f\u0131tt\u0131.<\/p>\n<p>\u015eaban ay\u0131n\u0131n on d\u00f6rd\u00fcnc\u00fc gecesini on be\u015finci g\u00fcn\u00fcne ba\u011flayan Berat Kandili dolay\u0131s\u0131yla ba\u015fta Ayd\u0131n\u2019\u0131n Efeler il\u00e7esindeki camiiler olmak \u00fczere il genelindeki t\u00fcm camiler ibadet etmek isteyenlerle doldu ta\u015ft\u0131. M\u00fcsl\u00fcmanlar i\u00e7in g\u00fcnahlar\u0131n affedilmesi, dualar\u0131n kabul edilmesi ve sevap kazanma ad\u0131na \u00e7ok b\u00fcy\u00fck bir f\u0131rsat olarak kabul edilen bu gecede Kuyucak Belediyesi de il\u00e7e genelindeki camilerde g\u00f6rev ba\u015f\u0131ndayd\u0131. Kuyucak Belediyesi K\u00fclt\u00fcr ve Sosyal \u0130\u015fler M\u00fcd\u00fcrl\u00fc\u011f\u00fc personeli camilerde vatanda\u015flara kandil simidi ikram ederek vatanda\u015flar\u0131n kandilini tebrik etti. Kuyucak Belediye Ba\u015fkan\u0131 U\u011fur Do\u011fanca, &#8220;Allah, t\u00fcm dualar\u0131m\u0131z\u0131 kabul etsin, T\u00fcm \u0130slam aleminin Berat Kandili m\u00fcbarek olsun&#8221; ifadelerini kulland\u0131.<br \/><\/p>\n","protected":false},"excerpt":{"rendered":"<p>Kuyucak Belediyesi K\u00fclt\u00fcr ve Sosyal \u0130\u015fler M\u00fcd\u00fcrl\u00fc\u011f\u00fc personeli Berat Kandili dolay\u0131s\u0131yla il\u00e7edeki camilerde kandil simidi da\u011f\u0131tt\u0131. \u015eaban ay\u0131n\u0131n on d\u00f6rd\u00fcnc\u00fc gecesini on be\u015finci g\u00fcn\u00fcne ba\u011flayan Berat Kandili dolay\u0131s\u0131yla ba\u015fta Ayd\u0131n\u2019\u0131n Efeler il\u00e7esindeki camiiler olmak \u00fczere il genelindeki t\u00fcm camiler ibadet etmek isteyenlerle doldu ta\u015ft\u0131. M\u00fcsl\u00fcmanlar i\u00e7in g\u00fcnahlar\u0131n affedilmesi, dualar\u0131n kabul edilmesi ve sevap kazanma ad\u0131na&#8230;<\/p>\n","protected":false},"author":1,"featured_media":18720,"comment_status":"open","ping_status":"open","sticky":false,"template":"","format":"standard","meta":{"_crdt_document":"","footnotes":""},"categories":[1],"tags":[],"class_list":["post-18719","post","type-post","status-publish","format-standard","has-post-thumbnail","hentry","category-guncel"],"_links":{"self":[{"href":"https:\/\/www.egemtv.com\/index.php?rest_route=\/wp\/v2\/posts\/18719","targetHints":{"allow":["GET"]}}],"collection":[{"href":"https:\/\/www.egemtv.com\/index.php?rest_route=\/wp\/v2\/posts"}],"about":[{"href":"https:\/\/www.egemtv.com\/index.php?rest_route=\/wp\/v2\/types\/post"}],"author":[{"embeddable":true,"href":"https:\/\/www.egemtv.com\/index.php?rest_route=\/wp\/v2\/users\/1"}],"replies":[{"embeddable":true,"href":"https:\/\/www.egemtv.com\/index.php?rest_route=%2Fwp%2Fv2%2Fcomments&post=18719"}],"version-history":[{"count":1,"href":"https:\/\/www.egemtv.com\/index.php?rest_route=\/wp\/v2\/posts\/18719\/revisions"}],"predecessor-version":[{"id":18721,"href":"https:\/\/www.egemtv.com\/index.php?rest_route=\/wp\/v2\/posts\/18719\/revisions\/18721"}],"wp:featuredmedia":[{"embeddable":true,"href":"https:\/\/www.egemtv.com\/index.php?rest_route=\/wp\/v2\/media\/18720"}],"wp:attachment":[{"href":"https:\/\/www.egemtv.com\/index.php?rest_route=%2Fwp%2Fv2%2Fmedia&parent=18719"}],"wp:term":[{"taxonomy":"category","embeddable":true,"href":"https:\/\/www.egemtv.com\/index.php?rest_route=%2Fwp%2Fv2%2Fcategories&post=18719"},{"taxonomy":"post_tag","embeddable":true,"href":"https:\/\/www.egemtv.com\/index.php?rest_route=%2Fwp%2Fv2%2Ftags&post=18719"}],"curies":[{"name":"wp","href":"https:\/\/api.w.org\/{rel}","templated":true}]}}