{"id":18716,"date":"2025-02-14T10:17:53","date_gmt":"2025-02-14T07:17:53","guid":{"rendered":"https:\/\/www.egemtv.com\/?p=18716"},"modified":"2025-02-14T10:17:59","modified_gmt":"2025-02-14T07:17:59","slug":"nazillideki-gubre-bayileri-denetimden-gecti","status":"publish","type":"post","link":"https:\/\/www.egemtv.com\/?p=18716","title":{"rendered":"Nazilli\u2019deki g\u00fcbre bayileri denetimden ge\u00e7ti"},"content":{"rendered":"<p>Ayd\u0131n\u2019\u0131n Nazilli il\u00e7esinde bulunan g\u00fcbre bayileri \u0130l\u00e7e Tar\u0131m ve Orman M\u00fcd\u00fcrl\u00fc\u011f\u00fc ekipleri taraf\u0131ndan denetlendi.<\/p>\n<p>T\u00fcrkiye genelindeki 81 ilde e\u015f zamanl\u0131 olarak ger\u00e7ekle\u015ftirilen g\u00fcbre denetim seferberli\u011fi kapsam\u0131nda il\u00e7e genelindeki g\u00fcbre bayilerini denetleyen Nazilli \u0130l\u00e7e Tar\u0131m ve Orman M\u00fcd\u00fcrl\u00fc\u011f\u00fc ekipleri g\u00fcbrelerin i\u00e7erik ve etiket kontrollerini ger\u00e7ekle\u015ftirerek i\u00e7erik numunesi al\u0131p, etiket kontrol\u00fc yapt\u0131. \u00dcreticilerin kaliteli ve g\u00fcvenilir g\u00fcbreye ula\u015fmalar\u0131n\u0131 sa\u011flamak amac\u0131yla ger\u00e7ekle\u015ftirilen denetimlerin, g\u00fcbre sekt\u00f6r\u00fcndeki haks\u0131z rekabeti engellemek ve \u00e7ift\u00e7ilerin sa\u011fl\u0131kl\u0131 \u00fcr\u00fcnler yeti\u015ftirmelerini desteklemek i\u00e7in b\u00fcy\u00fck \u00f6nem ta\u015f\u0131d\u0131\u011f\u0131n\u0131 belirtti. Denetimlerde g\u00fcbrelerin etikette belirtilen i\u00e7eriklerle uyumlulu\u011fu, kalite standartlar\u0131 ve bayilerin yasal gerekliliklere uygunlu\u011fu gibi fakt\u00f6rler dikkate al\u0131nd\u0131.<\/p>\n<p>Denetimlerle ilgili Nazilli \u0130l\u00e7e Tar\u0131m ve Orman M\u00fcd\u00fcrl\u00fc\u011f\u00fc\u2019nden yap\u0131lan a\u00e7\u0131klamada, &#8220;81 ilde e\u015f zamanl\u0131 olarak ger\u00e7ekle\u015ftirilen g\u00fcbre denetim seferberli\u011fi kapsam\u0131nda \u0130l\u00e7e M\u00fcd\u00fcrl\u00fc\u011f\u00fcm\u00fcz personelleri taraf\u0131ndan \u0130l\u00e7emizde bulunan g\u00fcbre bayileri denetimi yap\u0131ld\u0131. \u00dcreticilerimizin g\u00fcvenilir ve kaliteli g\u00fcbreye ula\u015fmalar\u0131 i\u00e7in kontrollerimiz aral\u0131ks\u0131z devam etmektedir&#8221; ifadelerine yer verildi.<br \/><\/p>\n","protected":false},"excerpt":{"rendered":"<p>Ayd\u0131n\u2019\u0131n Nazilli il\u00e7esinde bulunan g\u00fcbre bayileri \u0130l\u00e7e Tar\u0131m ve Orman M\u00fcd\u00fcrl\u00fc\u011f\u00fc ekipleri taraf\u0131ndan denetlendi. T\u00fcrkiye genelindeki 81 ilde e\u015f zamanl\u0131 olarak ger\u00e7ekle\u015ftirilen g\u00fcbre denetim seferberli\u011fi kapsam\u0131nda il\u00e7e genelindeki g\u00fcbre bayilerini denetleyen Nazilli \u0130l\u00e7e Tar\u0131m ve Orman M\u00fcd\u00fcrl\u00fc\u011f\u00fc ekipleri g\u00fcbrelerin i\u00e7erik ve etiket kontrollerini ger\u00e7ekle\u015ftirerek i\u00e7erik numunesi al\u0131p, etiket kontrol\u00fc yapt\u0131. \u00dcreticilerin kaliteli ve g\u00fcvenilir g\u00fcbreye&#8230;<\/p>\n","protected":false},"author":1,"featured_media":18717,"comment_status":"open","ping_status":"open","sticky":false,"template":"","format":"standard","meta":{"_crdt_document":"","footnotes":""},"categories":[1],"tags":[],"class_list":["post-18716","post","type-post","status-publish","format-standard","has-post-thumbnail","hentry","category-guncel"],"_links":{"self":[{"href":"https:\/\/www.egemtv.com\/index.php?rest_route=\/wp\/v2\/posts\/18716","targetHints":{"allow":["GET"]}}],"collection":[{"href":"https:\/\/www.egemtv.com\/index.php?rest_route=\/wp\/v2\/posts"}],"about":[{"href":"https:\/\/www.egemtv.com\/index.php?rest_route=\/wp\/v2\/types\/post"}],"author":[{"embeddable":true,"href":"https:\/\/www.egemtv.com\/index.php?rest_route=\/wp\/v2\/users\/1"}],"replies":[{"embeddable":true,"href":"https:\/\/www.egemtv.com\/index.php?rest_route=%2Fwp%2Fv2%2Fcomments&post=18716"}],"version-history":[{"count":1,"href":"https:\/\/www.egemtv.com\/index.php?rest_route=\/wp\/v2\/posts\/18716\/revisions"}],"predecessor-version":[{"id":18718,"href":"https:\/\/www.egemtv.com\/index.php?rest_route=\/wp\/v2\/posts\/18716\/revisions\/18718"}],"wp:featuredmedia":[{"embeddable":true,"href":"https:\/\/www.egemtv.com\/index.php?rest_route=\/wp\/v2\/media\/18717"}],"wp:attachment":[{"href":"https:\/\/www.egemtv.com\/index.php?rest_route=%2Fwp%2Fv2%2Fmedia&parent=18716"}],"wp:term":[{"taxonomy":"category","embeddable":true,"href":"https:\/\/www.egemtv.com\/index.php?rest_route=%2Fwp%2Fv2%2Fcategories&post=18716"},{"taxonomy":"post_tag","embeddable":true,"href":"https:\/\/www.egemtv.com\/index.php?rest_route=%2Fwp%2Fv2%2Ftags&post=18716"}],"curies":[{"name":"wp","href":"https:\/\/api.w.org\/{rel}","templated":true}]}}