{"id":18713,"date":"2025-02-14T09:59:45","date_gmt":"2025-02-14T06:59:45","guid":{"rendered":"https:\/\/www.egemtv.com\/?p=18713"},"modified":"2025-02-14T09:59:52","modified_gmt":"2025-02-14T06:59:52","slug":"kusadasi-belediyesinden-kaldirim-isgali-denetimi-2-saatte-3-kamyon-malzemeye-el-konuldu","status":"publish","type":"post","link":"https:\/\/www.egemtv.com\/?p=18713","title":{"rendered":"Ku\u015fadas\u0131 Belediyesi\u2019nden kald\u0131r\u0131m i\u015fgali denetimi: &#8220;2 saatte 3 kamyon malzemeye el konuldu&#8221;"},"content":{"rendered":"<p>Ku\u015fadas\u0131 Belediyesi Zab\u0131ta M\u00fcd\u00fcrl\u00fc\u011f\u00fc ekipleri, kent merkezinde esnaf\u0131n kald\u0131r\u0131m ve yollara b\u0131rakt\u0131\u011f\u0131 duba, lastik, varil, bariyer ve saks\u0131lar\u0131 toplad\u0131. Yakla\u015f\u0131k 2 saat s\u00fcren denetimde ekipler, yayalar\u0131n rahat\u00e7a y\u00fcr\u00fcmesine engel olan 3 kamyon malzemeye el koyarak Temizlik \u0130\u015fleri M\u00fcd\u00fcrl\u00fc\u011f\u00fc\u2019ne g\u00f6t\u00fcrd\u00fc.<\/p>\n<p>Ku\u015fadas\u0131 Belediyesi Zab\u0131ta M\u00fcd\u00fcrl\u00fc\u011f\u00fc ekipleri, yol ve kald\u0131r\u0131mlar\u0131 i\u015fgal eden \u00e7e\u015fitli malzemeler nedeniyle G\u00fcvercin Masaya yap\u0131lan ihbarlar \u00fczerine harekete ge\u00e7ti. Bu kapsamda ekipler, kent merkezinde i\u015fgaliye denetimine \u00e7\u0131kt\u0131. Denetimde, yayalar\u0131n kald\u0131r\u0131mda rahat\u00e7a y\u00fcr\u00fcmesini engelleyen reklam panolar\u0131, flama, bayrak, demir bariyer, lastik, saks\u0131, masa ve sandalye gibi e\u015fyalara el kondu. \u0130ki saat boyunca devam eden denetimlerde, toplanan malzemeler Ku\u015fadas\u0131 Belediyesi\u2019ne ait 3 kamyona y\u00fcklenerek Temizlik \u0130\u015fleri M\u00fcd\u00fcrl\u00fc\u011f\u00fc\u2019ne g\u00f6t\u00fcr\u00fcld\u00fc. Denetim s\u0131ras\u0131nda ayr\u0131ca yasak olmas\u0131na ra\u011fmen kald\u0131r\u0131mlar\u0131n \u00fczerine park eden motosikletler de tespit edilerek ceza kesildi.<\/p>\n<p>Kent genelinde d\u00fczen ve huzuru sa\u011flamak i\u00e7in aral\u0131ks\u0131z \u00e7al\u0131\u015ft\u0131klar\u0131n\u0131 belirten Ku\u015fadas\u0131 Belediyesi Zab\u0131ta M\u00fcd\u00fcr\u00fc Erc\u00fcment Duman, &#8220;Ba\u015fkan\u0131m\u0131z \u00d6mer G\u00fcnel\u2019in g\u00f6reve geldi\u011fi 2019\u2019dan itibaren ba\u015flatm\u0131\u015f oldu\u011fu s\u0131f\u0131r i\u015fgaliye uygulamas\u0131n\u0131 titizlikle devam ettiriyoruz. Ortak ya\u015fam alanlar\u0131m\u0131z\u0131 korumak ve hem\u015fehrilerimizin ula\u015f\u0131m rahatl\u0131\u011f\u0131 i\u00e7in yol ve kald\u0131r\u0131mlarda i\u015fgaliye denetimlerimizi de d\u00fczenli olarak ger\u00e7ekle\u015ftiriyoruz. Ayr\u0131ca esnaf\u0131m\u0131zdan da bu konuda hassas ve anlay\u0131\u015fl\u0131 olmalar\u0131n\u0131 bekliyoruz. Yapt\u0131klar\u0131 i\u015f birli\u011fi i\u00e7in de hepsine te\u015fekk\u00fcr ederim&#8221; diye konu\u015ftu.<br \/><\/p>\n","protected":false},"excerpt":{"rendered":"<p>Ku\u015fadas\u0131 Belediyesi Zab\u0131ta M\u00fcd\u00fcrl\u00fc\u011f\u00fc ekipleri, kent merkezinde esnaf\u0131n kald\u0131r\u0131m ve yollara b\u0131rakt\u0131\u011f\u0131 duba, lastik, varil, bariyer ve saks\u0131lar\u0131 toplad\u0131. Yakla\u015f\u0131k 2 saat s\u00fcren denetimde ekipler, yayalar\u0131n rahat\u00e7a y\u00fcr\u00fcmesine engel olan 3 kamyon malzemeye el koyarak Temizlik \u0130\u015fleri M\u00fcd\u00fcrl\u00fc\u011f\u00fc\u2019ne g\u00f6t\u00fcrd\u00fc. Ku\u015fadas\u0131 Belediyesi Zab\u0131ta M\u00fcd\u00fcrl\u00fc\u011f\u00fc ekipleri, yol ve kald\u0131r\u0131mlar\u0131 i\u015fgal eden \u00e7e\u015fitli malzemeler nedeniyle G\u00fcvercin Masaya yap\u0131lan&#8230;<\/p>\n","protected":false},"author":1,"featured_media":18714,"comment_status":"open","ping_status":"open","sticky":false,"template":"","format":"standard","meta":{"_crdt_document":"","footnotes":""},"categories":[1],"tags":[],"class_list":["post-18713","post","type-post","status-publish","format-standard","has-post-thumbnail","hentry","category-guncel"],"_links":{"self":[{"href":"https:\/\/www.egemtv.com\/index.php?rest_route=\/wp\/v2\/posts\/18713","targetHints":{"allow":["GET"]}}],"collection":[{"href":"https:\/\/www.egemtv.com\/index.php?rest_route=\/wp\/v2\/posts"}],"about":[{"href":"https:\/\/www.egemtv.com\/index.php?rest_route=\/wp\/v2\/types\/post"}],"author":[{"embeddable":true,"href":"https:\/\/www.egemtv.com\/index.php?rest_route=\/wp\/v2\/users\/1"}],"replies":[{"embeddable":true,"href":"https:\/\/www.egemtv.com\/index.php?rest_route=%2Fwp%2Fv2%2Fcomments&post=18713"}],"version-history":[{"count":1,"href":"https:\/\/www.egemtv.com\/index.php?rest_route=\/wp\/v2\/posts\/18713\/revisions"}],"predecessor-version":[{"id":18715,"href":"https:\/\/www.egemtv.com\/index.php?rest_route=\/wp\/v2\/posts\/18713\/revisions\/18715"}],"wp:featuredmedia":[{"embeddable":true,"href":"https:\/\/www.egemtv.com\/index.php?rest_route=\/wp\/v2\/media\/18714"}],"wp:attachment":[{"href":"https:\/\/www.egemtv.com\/index.php?rest_route=%2Fwp%2Fv2%2Fmedia&parent=18713"}],"wp:term":[{"taxonomy":"category","embeddable":true,"href":"https:\/\/www.egemtv.com\/index.php?rest_route=%2Fwp%2Fv2%2Fcategories&post=18713"},{"taxonomy":"post_tag","embeddable":true,"href":"https:\/\/www.egemtv.com\/index.php?rest_route=%2Fwp%2Fv2%2Ftags&post=18713"}],"curies":[{"name":"wp","href":"https:\/\/api.w.org\/{rel}","templated":true}]}}