{"id":18710,"date":"2025-02-14T09:57:45","date_gmt":"2025-02-14T06:57:45","guid":{"rendered":"https:\/\/www.egemtv.com\/?p=18710"},"modified":"2025-02-14T09:57:53","modified_gmt":"2025-02-14T06:57:53","slug":"berat-kandili-dualarla-idrak-edildi","status":"publish","type":"post","link":"https:\/\/www.egemtv.com\/?p=18710","title":{"rendered":"Berat Kandili dualarla idrak edildi"},"content":{"rendered":"<p>Ramazan-\u0131 \u015eerif\u2019in m\u00fcjdecisi \u2019Berat Kandili\u2019 t\u00fcm T\u00fcrkiye\u2019de oldu\u011fu gibi Ayd\u0131n\u2019da da dualar ile idrak edildi.<\/p>\n<p>\u015eaban ay\u0131n\u0131n on d\u00f6rd\u00fcnc\u00fc gecesini on be\u015finci g\u00fcn\u00fcne ba\u011flayan Berat Kandili dolay\u0131s\u0131yla ba\u015fta Ayd\u0131n\u2019\u0131n Efeler il\u00e7esi kent merkezinde bulunan Bey Camii olmak \u00fczere t\u00fcm camiler ibadet etmek isteyenlerle doldu ta\u015ft\u0131. Bey Cami k\u00fcrs\u00fcs\u00fcnden Berat gecesinin \u00f6neminden bahseden \u0130l M\u00fcft\u00fcs\u00fc Hasan G\u00fcne\u015f, T\u00fcrk milleti ve \u0130slam alemi i\u00e7in dua etti. Kur\u2019an-\u0131 Kerim tilaveti, ilahi ve kasideler okundu\u011fu gecede namaz sonras\u0131 gen\u00e7lik koordinat\u00f6rl\u00fc\u011f\u00fc cemaate ikramlarda bulundu. Camileri dolduran vatanda\u015flar, gecenin feyzine nail olabilmek amac\u0131yla namaz k\u0131l\u0131p okunan dualara e\u015flik etti.<br \/><\/p>\n","protected":false},"excerpt":{"rendered":"<p>Ramazan-\u0131 \u015eerif\u2019in m\u00fcjdecisi \u2019Berat Kandili\u2019 t\u00fcm T\u00fcrkiye\u2019de oldu\u011fu gibi Ayd\u0131n\u2019da da dualar ile idrak edildi. \u015eaban ay\u0131n\u0131n on d\u00f6rd\u00fcnc\u00fc gecesini on be\u015finci g\u00fcn\u00fcne ba\u011flayan Berat Kandili dolay\u0131s\u0131yla ba\u015fta Ayd\u0131n\u2019\u0131n Efeler il\u00e7esi kent merkezinde bulunan Bey Camii olmak \u00fczere t\u00fcm camiler ibadet etmek isteyenlerle doldu ta\u015ft\u0131. Bey Cami k\u00fcrs\u00fcs\u00fcnden Berat gecesinin \u00f6neminden bahseden \u0130l M\u00fcft\u00fcs\u00fc Hasan&#8230;<\/p>\n","protected":false},"author":1,"featured_media":18711,"comment_status":"open","ping_status":"open","sticky":false,"template":"","format":"standard","meta":{"_crdt_document":"","footnotes":""},"categories":[1],"tags":[],"class_list":["post-18710","post","type-post","status-publish","format-standard","has-post-thumbnail","hentry","category-guncel"],"_links":{"self":[{"href":"https:\/\/www.egemtv.com\/index.php?rest_route=\/wp\/v2\/posts\/18710","targetHints":{"allow":["GET"]}}],"collection":[{"href":"https:\/\/www.egemtv.com\/index.php?rest_route=\/wp\/v2\/posts"}],"about":[{"href":"https:\/\/www.egemtv.com\/index.php?rest_route=\/wp\/v2\/types\/post"}],"author":[{"embeddable":true,"href":"https:\/\/www.egemtv.com\/index.php?rest_route=\/wp\/v2\/users\/1"}],"replies":[{"embeddable":true,"href":"https:\/\/www.egemtv.com\/index.php?rest_route=%2Fwp%2Fv2%2Fcomments&post=18710"}],"version-history":[{"count":1,"href":"https:\/\/www.egemtv.com\/index.php?rest_route=\/wp\/v2\/posts\/18710\/revisions"}],"predecessor-version":[{"id":18712,"href":"https:\/\/www.egemtv.com\/index.php?rest_route=\/wp\/v2\/posts\/18710\/revisions\/18712"}],"wp:featuredmedia":[{"embeddable":true,"href":"https:\/\/www.egemtv.com\/index.php?rest_route=\/wp\/v2\/media\/18711"}],"wp:attachment":[{"href":"https:\/\/www.egemtv.com\/index.php?rest_route=%2Fwp%2Fv2%2Fmedia&parent=18710"}],"wp:term":[{"taxonomy":"category","embeddable":true,"href":"https:\/\/www.egemtv.com\/index.php?rest_route=%2Fwp%2Fv2%2Fcategories&post=18710"},{"taxonomy":"post_tag","embeddable":true,"href":"https:\/\/www.egemtv.com\/index.php?rest_route=%2Fwp%2Fv2%2Ftags&post=18710"}],"curies":[{"name":"wp","href":"https:\/\/api.w.org\/{rel}","templated":true}]}}