{"id":18707,"date":"2025-02-14T09:57:36","date_gmt":"2025-02-14T06:57:36","guid":{"rendered":"https:\/\/www.egemtv.com\/?p=18707"},"modified":"2025-02-14T09:57:44","modified_gmt":"2025-02-14T06:57:44","slug":"jandarma-ekipleri-minik-ogrencilerle-bulustu","status":"publish","type":"post","link":"https:\/\/www.egemtv.com\/?p=18707","title":{"rendered":"Jandarma ekipleri minik \u00f6\u011frencilerle bulu\u015ftu"},"content":{"rendered":"<p>Ayd\u0131n\u2019\u0131n Karacasu il\u00e7esinde jandarma ekipleri anaokulu \u00f6\u011frencileri ile bir araya gelerek \u00e7e\u015fitli konular hakk\u0131nda bilgilendirme yap\u0131p jandarmay\u0131 tan\u0131tt\u0131.<\/p>\n<p>Ayd\u0131n \u0130l Jandarma Komutanl\u0131\u011f\u0131 Aile \u0130\u00e7i \u015eiddetle M\u00fccadele ve \u00c7ocuk K\u0131s\u0131m Amirli\u011fi ve Karacasu \u0130l\u00e7e Jandarma Komutanl\u0131\u011f\u0131 personelleri Karaca\u00f6ren \u015eehit Mehmet Aykan \u0130lkokulundaki \u00f6\u011frencileri ve \u00f6\u011fretmenlerle bulu\u015ftu. Ekipler; Bir Ders de Jandarmadan faaliyeti kapsam\u0131nda, su\u00e7tan korunma ve ki\u015fisel g\u00fcvenlik konular\u0131nda bilgilendirmeler yap\u0131larak jandarma hakk\u0131nda tan\u0131t\u0131c\u0131 bilgiler verildi. Ders sonunda  \u00f6\u011frencilere jandarma \u015fapkas\u0131 ve T\u00fcrk Bayra\u011f\u0131 da\u011f\u0131t\u0131m\u0131 yap\u0131ld\u0131.<br \/><\/p>\n","protected":false},"excerpt":{"rendered":"<p>Ayd\u0131n\u2019\u0131n Karacasu il\u00e7esinde jandarma ekipleri anaokulu \u00f6\u011frencileri ile bir araya gelerek \u00e7e\u015fitli konular hakk\u0131nda bilgilendirme yap\u0131p jandarmay\u0131 tan\u0131tt\u0131. Ayd\u0131n \u0130l Jandarma Komutanl\u0131\u011f\u0131 Aile \u0130\u00e7i \u015eiddetle M\u00fccadele ve \u00c7ocuk K\u0131s\u0131m Amirli\u011fi ve Karacasu \u0130l\u00e7e Jandarma Komutanl\u0131\u011f\u0131 personelleri Karaca\u00f6ren \u015eehit Mehmet Aykan \u0130lkokulundaki \u00f6\u011frencileri ve \u00f6\u011fretmenlerle bulu\u015ftu. Ekipler; Bir Ders de Jandarmadan faaliyeti kapsam\u0131nda, su\u00e7tan korunma ve&#8230;<\/p>\n","protected":false},"author":1,"featured_media":18708,"comment_status":"open","ping_status":"open","sticky":false,"template":"","format":"standard","meta":{"_crdt_document":"","footnotes":""},"categories":[1],"tags":[],"class_list":["post-18707","post","type-post","status-publish","format-standard","has-post-thumbnail","hentry","category-guncel"],"_links":{"self":[{"href":"https:\/\/www.egemtv.com\/index.php?rest_route=\/wp\/v2\/posts\/18707","targetHints":{"allow":["GET"]}}],"collection":[{"href":"https:\/\/www.egemtv.com\/index.php?rest_route=\/wp\/v2\/posts"}],"about":[{"href":"https:\/\/www.egemtv.com\/index.php?rest_route=\/wp\/v2\/types\/post"}],"author":[{"embeddable":true,"href":"https:\/\/www.egemtv.com\/index.php?rest_route=\/wp\/v2\/users\/1"}],"replies":[{"embeddable":true,"href":"https:\/\/www.egemtv.com\/index.php?rest_route=%2Fwp%2Fv2%2Fcomments&post=18707"}],"version-history":[{"count":1,"href":"https:\/\/www.egemtv.com\/index.php?rest_route=\/wp\/v2\/posts\/18707\/revisions"}],"predecessor-version":[{"id":18709,"href":"https:\/\/www.egemtv.com\/index.php?rest_route=\/wp\/v2\/posts\/18707\/revisions\/18709"}],"wp:featuredmedia":[{"embeddable":true,"href":"https:\/\/www.egemtv.com\/index.php?rest_route=\/wp\/v2\/media\/18708"}],"wp:attachment":[{"href":"https:\/\/www.egemtv.com\/index.php?rest_route=%2Fwp%2Fv2%2Fmedia&parent=18707"}],"wp:term":[{"taxonomy":"category","embeddable":true,"href":"https:\/\/www.egemtv.com\/index.php?rest_route=%2Fwp%2Fv2%2Fcategories&post=18707"},{"taxonomy":"post_tag","embeddable":true,"href":"https:\/\/www.egemtv.com\/index.php?rest_route=%2Fwp%2Fv2%2Ftags&post=18707"}],"curies":[{"name":"wp","href":"https:\/\/api.w.org\/{rel}","templated":true}]}}