{"id":18704,"date":"2025-02-14T09:56:54","date_gmt":"2025-02-14T06:56:54","guid":{"rendered":"https:\/\/www.egemtv.com\/?p=18704"},"modified":"2025-02-14T09:56:59","modified_gmt":"2025-02-14T06:56:59","slug":"gokova-konaklamali-orman-parkinda-guvenli-ve-duzenli-tatil-yeri-duzenlemesi","status":"publish","type":"post","link":"https:\/\/www.egemtv.com\/?p=18704","title":{"rendered":"G\u00f6kova Konaklamal\u0131 Orman Park\u0131nda \u2018G\u00fcvenli ve d\u00fczenli tatil yeri\u2019 d\u00fczenlemesi"},"content":{"rendered":"<p>T\u00fcrkiye\u2019nin ilk konaklamal\u0131 orman parklar\u0131ndan birisi olan ve 1970\u2019li y\u0131llarda ke\u015ffedilen Ula\u2019n\u0131n \u2018Sakin \u015eehir\u2019 unvanl\u0131 Akyaka Mahallesindeki G\u00f6kova Konaklamal\u0131 Orman Park\u0131\u2019nda daha g\u00fcvenli tatil i\u00e7in alt ve \u00fcst yap\u0131da d\u00fczenleme yap\u0131l\u0131yor. Mu\u011fla Valili\u011fi Yat\u0131r\u0131m \u0130zleme Koordinasyon Ba\u015fkanl\u0131\u011f\u0131\u2019n\u0131n deste\u011fi ile Mu\u011fla Vakf\u0131 taraf\u0131ndan y\u00fcr\u00fct\u00fclen \u00e7al\u0131\u015fman\u0131n yeni sezona yeti\u015ftirilmesi i\u00e7in hummal\u0131 bir \u00e7al\u0131\u015fma y\u00fcr\u00fct\u00fcl\u00fcyor.<br \/>\n<br \/>Alt ve \u00fcst yap\u0131 yenileniyor<br \/>\n<br \/>Orman park\u0131nda alt ve \u00fcst yap\u0131 \u00e7al\u0131\u015fmalar\u0131 kapsam\u0131nda karavanlar i\u00e7in belirlenen alanlara \u00e7im parke d\u00f6\u015femesi yap\u0131larak aralar\u0131na \u00e7im ekilirken, k\u00fc\u00e7\u00fck ve b\u00fcy\u00fck \u00e7ad\u0131rlar i\u00e7in belirlenen alanlarda ekiplerin \u00e7al\u0131\u015fmas\u0131 devam ediyor. Mu\u011fla Vakf\u0131 taraf\u0131ndan i\u015fletilen orman park\u0131nda alt yap\u0131 tamamen yenilenirken, \u00fcst yap\u0131da \u00f6zellikle \u00e7ad\u0131rlar i\u00e7in kontroll\u00fc elektrik kullan\u0131m sistemi getiriliyor. Ayr\u0131ca karavan alan\u0131 olarak ayr\u0131lan alanda her karavan i\u00e7in pis ve temiz su gideri ile elektrik prizi yap\u0131l\u0131yor. Her karavan\u0131n kullanaca\u011f\u0131 alan\u0131n s\u0131n\u0131r\u0131 belirlenerek karavan\u0131n duraca\u011f\u0131 k\u0131sma \u00e7im parke yap\u0131l\u0131yor.<br \/>\n<br \/>D\u00fczenleme yap\u0131lan alanda ilave yap\u0131 ya da betonla\u015fm\u0131\u015f alan bulunmuyor<br \/>\n<br \/>G\u00f6kova Konaklamal\u0131 Orman Park\u0131 Geli\u015fim Plan\u0131na g\u00f6re g\u00fcn\u00fcbirlik alanlarda karavan, k\u00fc\u00e7\u00fck \u00e7ad\u0131r, b\u00fcy\u00fck \u00e7ad\u0131r yerleri tamamen ayr\u0131lm\u0131\u015f durumda. Karavanlar\u0131 birbirinden ay\u0131rmak i\u00e7in ara b\u00f6lmelere ye\u015fil alan ve bitki dikilecek. Karavan alan\u0131, b\u00fcy\u00fck \u00e7ad\u0131r, k\u00fc\u00e7\u00fck \u00e7ad\u0131r b\u00f6l\u00fcmleri bord\u00fcr ta\u015flar ile ayr\u0131l\u0131yor.<br \/>\n<br \/>\u00c7ad\u0131r ve \u00e7ekme karavanla gelecek misafirlerin ara\u00e7lar\u0131 i\u00e7in park alan\u0131 yap\u0131l\u0131yor<br \/>\n<br \/>G\u00f6kova Konaklamal\u0131 Orman Park\u0131 alan\u0131nda ge\u00e7ti\u011fimiz y\u0131llarda kurulan \u00e7ad\u0131rlar\u0131n yan\u0131na tatilciler ara\u00e7lar\u0131n\u0131 da park ediyordu. Yeni d\u00fczenleme ile \u00e7ad\u0131r kuracak vatanda\u015flar ara\u00e7lar\u0131n\u0131 yeri belirlenen ve \u00f6n\u00fcm\u00fczdeki g\u00fcnlerde d\u00fczenlemesi yap\u0131lacak olan ara\u00e7 park yerine park edecek. Ara\u00e7 park alan\u0131 ile kamp i\u00e7inde ara\u00e7 kirlili\u011finin de \u00f6n\u00fcne ge\u00e7ilmesi bekleniyor.<br \/>\n<br \/>Yaz d\u00f6neminde g\u00fcnl\u00fck 7-8 bin ki\u015fiye hizmet veriyor<br \/>\n<br \/>T\u00fcrkiye\u2019nin en \u00f6nde gelen g\u00fcn\u00fcbirlik tatil beldelerinde birisi olan Ula\u2019n\u0131n Akyaka Mahallesinde bulunan G\u00f6kova Konaklamal\u0131 Orman Park\u0131, hem Akyaka sahiline, hem de mavi yolculu\u011fun en \u00f6nemli noktalar\u0131ndan G\u00f6kova K\u00f6rfezine hakim tepede yer al\u0131yor. S\u0131k \u00e7am ormanlar\u0131 aras\u0131nda yer almas\u0131, G\u00f6kova K\u00f6rfezi manzaras\u0131 nedeniyle kamp alan\u0131nda bulunan bungalov evler sezon \u00f6ncesi tamamen yeniden elden ge\u00e7irilerek sezona haz\u0131rlan\u0131yor. Kamp alan\u0131 yaz sezonu boyunca y\u00fczde 100 dolulu\u011fa ula\u015f\u0131rken, bungalov evlerin yan\u0131nda k\u00fc\u00e7\u00fck ve b\u00fcy\u00fck \u00e7ad\u0131r ile karavan turizmcilerinin de g\u00f6zdesi durumunda ve g\u00fcnl\u00fck 7-8 bin ki\u015fiye hizmet veriyor.<br \/><\/p>\n","protected":false},"excerpt":{"rendered":"<p>T\u00fcrkiye\u2019nin ilk konaklamal\u0131 orman parklar\u0131ndan birisi olan ve 1970\u2019li y\u0131llarda ke\u015ffedilen Ula\u2019n\u0131n \u2018Sakin \u015eehir\u2019 unvanl\u0131 Akyaka Mahallesindeki G\u00f6kova Konaklamal\u0131 Orman Park\u0131\u2019nda daha g\u00fcvenli tatil i\u00e7in alt ve \u00fcst yap\u0131da d\u00fczenleme yap\u0131l\u0131yor. Mu\u011fla Valili\u011fi Yat\u0131r\u0131m \u0130zleme Koordinasyon Ba\u015fkanl\u0131\u011f\u0131\u2019n\u0131n deste\u011fi ile Mu\u011fla Vakf\u0131 taraf\u0131ndan y\u00fcr\u00fct\u00fclen \u00e7al\u0131\u015fman\u0131n yeni sezona yeti\u015ftirilmesi i\u00e7in hummal\u0131 bir \u00e7al\u0131\u015fma y\u00fcr\u00fct\u00fcl\u00fcyor. Alt ve \u00fcst&#8230;<\/p>\n","protected":false},"author":1,"featured_media":18705,"comment_status":"open","ping_status":"open","sticky":false,"template":"","format":"standard","meta":{"_crdt_document":"","footnotes":""},"categories":[1],"tags":[],"class_list":["post-18704","post","type-post","status-publish","format-standard","has-post-thumbnail","hentry","category-guncel"],"_links":{"self":[{"href":"https:\/\/www.egemtv.com\/index.php?rest_route=\/wp\/v2\/posts\/18704","targetHints":{"allow":["GET"]}}],"collection":[{"href":"https:\/\/www.egemtv.com\/index.php?rest_route=\/wp\/v2\/posts"}],"about":[{"href":"https:\/\/www.egemtv.com\/index.php?rest_route=\/wp\/v2\/types\/post"}],"author":[{"embeddable":true,"href":"https:\/\/www.egemtv.com\/index.php?rest_route=\/wp\/v2\/users\/1"}],"replies":[{"embeddable":true,"href":"https:\/\/www.egemtv.com\/index.php?rest_route=%2Fwp%2Fv2%2Fcomments&post=18704"}],"version-history":[{"count":1,"href":"https:\/\/www.egemtv.com\/index.php?rest_route=\/wp\/v2\/posts\/18704\/revisions"}],"predecessor-version":[{"id":18706,"href":"https:\/\/www.egemtv.com\/index.php?rest_route=\/wp\/v2\/posts\/18704\/revisions\/18706"}],"wp:featuredmedia":[{"embeddable":true,"href":"https:\/\/www.egemtv.com\/index.php?rest_route=\/wp\/v2\/media\/18705"}],"wp:attachment":[{"href":"https:\/\/www.egemtv.com\/index.php?rest_route=%2Fwp%2Fv2%2Fmedia&parent=18704"}],"wp:term":[{"taxonomy":"category","embeddable":true,"href":"https:\/\/www.egemtv.com\/index.php?rest_route=%2Fwp%2Fv2%2Fcategories&post=18704"},{"taxonomy":"post_tag","embeddable":true,"href":"https:\/\/www.egemtv.com\/index.php?rest_route=%2Fwp%2Fv2%2Ftags&post=18704"}],"curies":[{"name":"wp","href":"https:\/\/api.w.org\/{rel}","templated":true}]}}