{"id":18701,"date":"2025-02-14T09:56:48","date_gmt":"2025-02-14T06:56:48","guid":{"rendered":"https:\/\/www.egemtv.com\/?p=18701"},"modified":"2025-02-14T09:56:54","modified_gmt":"2025-02-14T06:56:54","slug":"liselilerden-universite-provasi","status":"publish","type":"post","link":"https:\/\/www.egemtv.com\/?p=18701","title":{"rendered":"Liselilerden \u00fcniversite provas\u0131"},"content":{"rendered":"<p>Ya\u015far \u00dcniversitesi, \u00fcniversite haz\u0131rl\u0131k maratonu d\u00f6neminde adaylar\u0131n do\u011fru b\u00f6l\u00fcm tercihi yapmalar\u0131na katk\u0131 sa\u011flamak amac\u0131yla &#8220;Ya\u015far\u2019da Bir G\u00fcn&#8221; ad\u0131 alt\u0131nda e\u011fitim ve tan\u0131t\u0131m g\u00fcnleri&#8221; d\u00fczenledi. \u0130zmir \u2019den toplam 41 lisede e\u011fitim g\u00f6ren 2 bin 500 \u00f6\u011frenci, e\u011fitim ve tan\u0131t\u0131m g\u00fcnlerine kat\u0131larak ilgi duyduklar\u0131 b\u00f6l\u00fcmlerde ger\u00e7ekle\u015ftirilen \u00f6rnek ders uygulamalar\u0131n\u0131 izledi.<br \/>\n<br \/>S\u0131nav maratonunun sonuna yakla\u015fan lise son s\u0131n\u0131f \u00f6\u011frencileri, do\u011fru b\u00f6l\u00fcm tercihi yapmalar\u0131na katk\u0131 sa\u011flamak amac\u0131yla Ya\u015far \u00dcniversitesi E\u011fitim ve Tan\u0131t\u0131m G\u00fcnleri\u2019ne kat\u0131ld\u0131. Sel\u00e7uk Ya\u015far Kamp\u00fcs\u00fc\u2019nde, \u00fc\u00e7 g\u00fcn boyunca, akademisyenlerinin ger\u00e7ekle\u015ftirdi\u011fi \u00f6rnek derslere kat\u0131lan gen\u00e7ler, \u00fcniversite havas\u0131n\u0131 da soluma f\u0131rsat\u0131 buldu. \u0130zmir \u0130l Milli E\u011fitim M\u00fcd\u00fcrl\u00fc\u011f\u00fc i\u015f birli\u011fiyle ger\u00e7ekle\u015ftirilen etkinlikte, t\u00fcm b\u00f6l\u00fcm ve programlar hakk\u0131nda bilgi sahibi olan \u00f6\u011frencilerin, gelecek hedeflerini de do\u011fru belirleyebilmeleri ama\u00e7land\u0131.<\/p>\n<p>Mesleklerle tan\u0131\u015fma<br \/>\n<br \/>\u00d6rnek ders uygulamalar\u0131n\u0131n yan\u0131 s\u0131ra seminerlerle de aday \u00f6\u011frencilere destek verildi. Ya\u015far \u00dcniversitesinin akademik programlar\u0131, e\u011fitim olanaklar\u0131, yurtd\u0131\u015f\u0131 e\u011fitim i\u015fbirlikleri, burs se\u00e7enekleri ve kampus imkanlar\u0131 hakk\u0131nda da bilgi alan \u00f6\u011frenciler, tercih etmeyi d\u00fc\u015f\u00fcnd\u00fckleri b\u00f6l\u00fcmleri yerinde g\u00f6r\u00fcp inceleme olana\u011f\u0131na da sahip oldu.<br \/>\n<br \/>Ya\u015far \u00dcniversiteli g\u00f6revli \u00f6\u011frenciler e\u015fli\u011finde kamp\u00fcs turu yapan liseliler, kamp\u00fcs ya\u015fam\u0131n\u0131 deneyimledi. Etkinli\u011fe kat\u0131lan liseliler ise \u00f6rnek ders uygulamalar\u0131 ile \u00fcniversite ortam\u0131n\u0131 \u015fimdiden g\u00f6rmenin, kendilerine motivasyon sa\u011flad\u0131\u011f\u0131n\u0131 belirtti.<br \/><\/p>\n","protected":false},"excerpt":{"rendered":"<p>Ya\u015far \u00dcniversitesi, \u00fcniversite haz\u0131rl\u0131k maratonu d\u00f6neminde adaylar\u0131n do\u011fru b\u00f6l\u00fcm tercihi yapmalar\u0131na katk\u0131 sa\u011flamak amac\u0131yla &#8220;Ya\u015far\u2019da Bir G\u00fcn&#8221; ad\u0131 alt\u0131nda e\u011fitim ve tan\u0131t\u0131m g\u00fcnleri&#8221; d\u00fczenledi. \u0130zmir \u2019den toplam 41 lisede e\u011fitim g\u00f6ren 2 bin 500 \u00f6\u011frenci, e\u011fitim ve tan\u0131t\u0131m g\u00fcnlerine kat\u0131larak ilgi duyduklar\u0131 b\u00f6l\u00fcmlerde ger\u00e7ekle\u015ftirilen \u00f6rnek ders uygulamalar\u0131n\u0131 izledi. S\u0131nav maratonunun sonuna yakla\u015fan lise son s\u0131n\u0131f&#8230;<\/p>\n","protected":false},"author":1,"featured_media":18702,"comment_status":"open","ping_status":"open","sticky":false,"template":"","format":"standard","meta":{"_crdt_document":"","footnotes":""},"categories":[1],"tags":[],"class_list":["post-18701","post","type-post","status-publish","format-standard","has-post-thumbnail","hentry","category-guncel"],"_links":{"self":[{"href":"https:\/\/www.egemtv.com\/index.php?rest_route=\/wp\/v2\/posts\/18701","targetHints":{"allow":["GET"]}}],"collection":[{"href":"https:\/\/www.egemtv.com\/index.php?rest_route=\/wp\/v2\/posts"}],"about":[{"href":"https:\/\/www.egemtv.com\/index.php?rest_route=\/wp\/v2\/types\/post"}],"author":[{"embeddable":true,"href":"https:\/\/www.egemtv.com\/index.php?rest_route=\/wp\/v2\/users\/1"}],"replies":[{"embeddable":true,"href":"https:\/\/www.egemtv.com\/index.php?rest_route=%2Fwp%2Fv2%2Fcomments&post=18701"}],"version-history":[{"count":1,"href":"https:\/\/www.egemtv.com\/index.php?rest_route=\/wp\/v2\/posts\/18701\/revisions"}],"predecessor-version":[{"id":18703,"href":"https:\/\/www.egemtv.com\/index.php?rest_route=\/wp\/v2\/posts\/18701\/revisions\/18703"}],"wp:featuredmedia":[{"embeddable":true,"href":"https:\/\/www.egemtv.com\/index.php?rest_route=\/wp\/v2\/media\/18702"}],"wp:attachment":[{"href":"https:\/\/www.egemtv.com\/index.php?rest_route=%2Fwp%2Fv2%2Fmedia&parent=18701"}],"wp:term":[{"taxonomy":"category","embeddable":true,"href":"https:\/\/www.egemtv.com\/index.php?rest_route=%2Fwp%2Fv2%2Fcategories&post=18701"},{"taxonomy":"post_tag","embeddable":true,"href":"https:\/\/www.egemtv.com\/index.php?rest_route=%2Fwp%2Fv2%2Ftags&post=18701"}],"curies":[{"name":"wp","href":"https:\/\/api.w.org\/{rel}","templated":true}]}}