{"id":18698,"date":"2025-02-14T09:37:03","date_gmt":"2025-02-14T06:37:03","guid":{"rendered":"https:\/\/www.egemtv.com\/?p=18698"},"modified":"2025-02-14T09:37:12","modified_gmt":"2025-02-14T06:37:12","slug":"aydinin-dogu-ilcelerinde-nufus-azaliyor","status":"publish","type":"post","link":"https:\/\/www.egemtv.com\/?p=18698","title":{"rendered":"Ayd\u0131n\u2019\u0131n do\u011fu il\u00e7elerinde n\u00fcfus azal\u0131yor"},"content":{"rendered":"<p>\u00d6zellikle yaz aylar\u0131nda n\u00fcfus yo\u011funlu\u011funun y\u00fcksek oldu\u011fu Ayd\u0131n\u2019da toplam n\u00fcfus say\u0131s\u0131 2023 y\u0131l\u0131na oranla 2024 y\u0131l\u0131nda 4 bin 241 ki\u015fi art\u0131\u015fla, 1 milyon 165 bin 943 ki\u015fi olurken, en h\u0131zl\u0131 n\u00fcfus art\u0131\u015f\u0131 ya\u015fayan il\u00e7e ise Ku\u015fadas\u0131 oldu.<\/p>\n<p>T\u00fcrkiye \u0130statistik Kurumu (T\u00dc\u0130K) 2024 y\u0131l\u0131 Adrese Dayal\u0131 N\u00fcfus Kay\u0131t Sistemi Sonu\u00e7lar\u0131\u2019na g\u00f6re, Ayd\u0131n n\u00fcfusu 1 milyon 165 bin 943 oldu. Bu kapsamda Bozdo\u011fan\u2019\u0131n n\u00fcfusu 31 bin 945 olurken, y\u0131ll\u0131k n\u00fcfus art\u0131\u015f h\u0131z\u0131 binde eksi 18,1 oldu. Buharkent\u2019in n\u00fcfusu 13 bin 115 olurken, y\u0131ll\u0131k n\u00fcfus art\u0131\u015f h\u0131z\u0131 binde eksi 5,5 oldu. \u00c7ine\u2019nin n\u00fcfusu 48 bin 209 olurken, y\u0131ll\u0131k n\u00fcfus art\u0131\u015f h\u0131z\u0131 binde eksi 7,8 oldu. Didim\u2019in n\u00fcfusu 101 bin 474 olurken, y\u0131ll\u0131k n\u00fcfus art\u0131\u015f h\u0131z\u0131 binde 12,7 oldu. Efeler\u2019in n\u00fcfusu 308 bin 551 olurken, y\u0131ll\u0131k n\u00fcfus art\u0131\u015f h\u0131z\u0131 binde 1,7 oldu. Germencik\u2019in n\u00fcfusu 44 bin 677 olurken, y\u0131ll\u0131k n\u00fcfus art\u0131\u015f h\u0131z\u0131 binde eksi 2,6 oldu. \u0130ncirliova\u2019n\u0131n n\u00fcfusu 57 bin 483 olurken, y\u0131ll\u0131k n\u00fcfus art\u0131\u015f h\u0131z\u0131 binde 9,6 oldu. Karacasu\u2019nun n\u00fcfusu 17 bin 508 olurken, y\u0131ll\u0131k n\u00fcfus art\u0131\u015f h\u0131z\u0131 binde eksi 21 oldu. Karpuzlu\u2019nun n\u00fcfusu 10 bin 510 olurken, y\u0131ll\u0131k n\u00fcfus art\u0131\u015f h\u0131z\u0131 binde eksi 10 oldu. Ko\u00e7arl\u0131\u2019n\u0131n n\u00fcfusu 22 bin 464 olurken, y\u0131ll\u0131k n\u00fcfus art\u0131\u015f h\u0131z\u0131 binde eksi 6 oldu. K\u00f6\u015fk\u2019\u00fcn n\u00fcfusu 28 bin 436 olurken, y\u0131ll\u0131k n\u00fcfus art\u0131\u015f h\u0131z\u0131 binde eksi 0,1 oldu. Ku\u015fadas\u0131\u2019n\u0131n n\u00fcfusu 137 bin 15 olurken, y\u0131ll\u0131k n\u00fcfus art\u0131\u015f h\u0131z\u0131 binde 28,4 oldu. Kuyucak\u2019\u0131n n\u00fcfusu 26 bin 684 olurken, y\u0131ll\u0131k n\u00fcfus art\u0131\u015f h\u0131z\u0131 binde 24,2 oldu. Nazilli\u2019nin n\u00fcfusu 162 bin 41 olurken, y\u0131ll\u0131k n\u00fcfus art\u0131\u015f h\u0131z\u0131 binde eksi 0,2 oldu. S\u00f6ke\u2019nin n\u00fcfusu 123 bin 850 olurken, y\u0131ll\u0131k n\u00fcfus art\u0131\u015f h\u0131z\u0131 binde eksi 3 oldu. Sultanhisar\u2019\u0131n n\u00fcfusu 20 bin 147 olurken, y\u0131ll\u0131k n\u00fcfus art\u0131\u015f h\u0131z\u0131 binde eksi 12,4 oldu. Yenipazar\u2019\u0131n n\u00fcfusu 11 bin 834 olurken, y\u0131ll\u0131k n\u00fcfus art\u0131\u015f h\u0131z\u0131 binde eksi 13,8 oldu.<\/p>\n<p>En h\u0131zl\u0131 art\u0131\u015f Ku\u015fadas\u0131\u2019nda meydana geldi<br \/>\n<br \/>2024 y\u0131l\u0131nda Ayd\u0131n\u2019da ikamet eden n\u00fcfus bir \u00f6nceki y\u0131la g\u00f6re 4 bin 241 ki\u015fi artarken, Ayd\u0131n\u2019\u0131n n\u00fcfusu ise 2024 y\u0131l\u0131nda binde 3,6 artt\u0131. Ayd\u0131n\u2019da 2024 y\u0131l\u0131 n\u00fcfus art\u0131\u015f h\u0131z\u0131 en d\u00fc\u015f\u00fck il\u00e7e s\u0131ras\u0131yla Karacasu, Bozdo\u011fan ve Yenipazar olurken, n\u00fcfus art\u0131\u015f h\u0131z\u0131 en y\u00fcksek olan il\u00e7e ise s\u0131ras\u0131yla Ku\u015fadas\u0131, Kuyucak ve Didim oldu. Y\u0131ll\u0131k n\u00fcfus art\u0131\u015f h\u0131zlar\u0131na bak\u0131ld\u0131\u011f\u0131nda 17 il\u00e7esi bulunan Ayd\u0131n\u2019\u0131n do\u011fu il\u00e7elerinde n\u00fcfusun azalmas\u0131 dikkat \u00e7ekti.<\/p>\n<p>2024 y\u0131l\u0131nda en fazla n\u00fcfusa sahip ilk \u00fc\u00e7 il\u00e7e 308 bin 551 ile Efeler, 162 bin 41 ile Nazilli, 137 bin 15 ile Ku\u015fadas\u0131 olurken, en az n\u00fcfusa sahip il\u00e7eler ise s\u0131ras\u0131yla 10 bin 510 ile Karpuzlu, 11 bin 834 ile Yenipazar, 13 bin 115 ile Buharkent oldu.<br \/><\/p>\n","protected":false},"excerpt":{"rendered":"<p>\u00d6zellikle yaz aylar\u0131nda n\u00fcfus yo\u011funlu\u011funun y\u00fcksek oldu\u011fu Ayd\u0131n\u2019da toplam n\u00fcfus say\u0131s\u0131 2023 y\u0131l\u0131na oranla 2024 y\u0131l\u0131nda 4 bin 241 ki\u015fi art\u0131\u015fla, 1 milyon 165 bin 943 ki\u015fi olurken, en h\u0131zl\u0131 n\u00fcfus art\u0131\u015f\u0131 ya\u015fayan il\u00e7e ise Ku\u015fadas\u0131 oldu. T\u00fcrkiye \u0130statistik Kurumu (T\u00dc\u0130K) 2024 y\u0131l\u0131 Adrese Dayal\u0131 N\u00fcfus Kay\u0131t Sistemi Sonu\u00e7lar\u0131\u2019na g\u00f6re, Ayd\u0131n n\u00fcfusu 1 milyon 165&#8230;<\/p>\n","protected":false},"author":1,"featured_media":18699,"comment_status":"open","ping_status":"open","sticky":false,"template":"","format":"standard","meta":{"_crdt_document":"","footnotes":""},"categories":[1],"tags":[],"class_list":["post-18698","post","type-post","status-publish","format-standard","has-post-thumbnail","hentry","category-guncel"],"_links":{"self":[{"href":"https:\/\/www.egemtv.com\/index.php?rest_route=\/wp\/v2\/posts\/18698","targetHints":{"allow":["GET"]}}],"collection":[{"href":"https:\/\/www.egemtv.com\/index.php?rest_route=\/wp\/v2\/posts"}],"about":[{"href":"https:\/\/www.egemtv.com\/index.php?rest_route=\/wp\/v2\/types\/post"}],"author":[{"embeddable":true,"href":"https:\/\/www.egemtv.com\/index.php?rest_route=\/wp\/v2\/users\/1"}],"replies":[{"embeddable":true,"href":"https:\/\/www.egemtv.com\/index.php?rest_route=%2Fwp%2Fv2%2Fcomments&post=18698"}],"version-history":[{"count":1,"href":"https:\/\/www.egemtv.com\/index.php?rest_route=\/wp\/v2\/posts\/18698\/revisions"}],"predecessor-version":[{"id":18700,"href":"https:\/\/www.egemtv.com\/index.php?rest_route=\/wp\/v2\/posts\/18698\/revisions\/18700"}],"wp:featuredmedia":[{"embeddable":true,"href":"https:\/\/www.egemtv.com\/index.php?rest_route=\/wp\/v2\/media\/18699"}],"wp:attachment":[{"href":"https:\/\/www.egemtv.com\/index.php?rest_route=%2Fwp%2Fv2%2Fmedia&parent=18698"}],"wp:term":[{"taxonomy":"category","embeddable":true,"href":"https:\/\/www.egemtv.com\/index.php?rest_route=%2Fwp%2Fv2%2Fcategories&post=18698"},{"taxonomy":"post_tag","embeddable":true,"href":"https:\/\/www.egemtv.com\/index.php?rest_route=%2Fwp%2Fv2%2Ftags&post=18698"}],"curies":[{"name":"wp","href":"https:\/\/api.w.org\/{rel}","templated":true}]}}