{"id":18695,"date":"2025-02-14T09:36:50","date_gmt":"2025-02-14T06:36:50","guid":{"rendered":"https:\/\/www.egemtv.com\/?p=18695"},"modified":"2025-02-14T09:37:03","modified_gmt":"2025-02-14T06:37:03","slug":"koycegizde-gencler-ara-donem-kampinda-bulustu","status":"publish","type":"post","link":"https:\/\/www.egemtv.com\/?p=18695","title":{"rendered":"K\u00f6yce\u011fiz\u2019de gen\u00e7ler ara d\u00f6nem kamp\u0131nda bulu\u015ftu"},"content":{"rendered":"<p>Mu\u011fla\u2019n\u0131n K\u00f6yce\u011fiz il\u00e7esinde d\u00fczenlenen ara d\u00f6nem kamp\u0131nda gen\u00e7ler bir araya geldi.<\/p>\n<p>K\u00f6yce\u011fiz M\u00fcft\u00fcl\u00fc\u011f\u00fc Gen\u00e7lik Koordinat\u00f6rl\u00fc\u011f\u00fc taraf\u0131ndan &#8220;Gen\u00e7lerle El Ele G\u00f6n\u00fcl G\u00f6n\u00fcle&#8221; projesi kapsam\u0131nda gen\u00e7lere y\u00f6nelik olarak bir g\u00fcnl\u00fck ara d\u00f6nem kamp\u0131 d\u00fczenlendi. Gen\u00e7lik Koordinat\u00f6rleri, Vaiz Emine Okulu ve Vaiz Rauf Evleksiz rehberli\u011finde K\u00f6yce\u011fiz Gen\u00e7lik Merkezinde sinema salonunda &#8220;\u00d6zg\u00fcrl\u00fc\u011f\u00fcn Sesi Bilal&#8221; filmi izlendi. Film hakk\u0131nda yap\u0131lan tahlil sonras\u0131 gen\u00e7lere Gen\u00e7lik Merkezi taraf\u0131ndan Kitap hediye edildi. Akabinde Merkez Yunus Emre Camii\u2019ne y\u00fcr\u00fcyen gen\u00e7lere &#8220;Mirac\u0131n \u00fc\u00e7 hediyesi&#8221; hakk\u0131nda bilgilendirmeler yap\u0131ld\u0131. \u00d6\u011fle namaz\u0131n\u0131n cemaatle eda edilmesinden sonra bir i\u015fletme sponsorlu\u011funda gen\u00e7lere \u00f6\u011fle yeme\u011fi ikram\u0131 yap\u0131ld\u0131. Yo\u011fun ge\u00e7en bir g\u00fcnl\u00fck kampa kat\u0131lan gen\u00e7ler programdan olduk\u00e7a memnun ayr\u0131ld\u0131.<br \/><\/p>\n","protected":false},"excerpt":{"rendered":"<p>Mu\u011fla\u2019n\u0131n K\u00f6yce\u011fiz il\u00e7esinde d\u00fczenlenen ara d\u00f6nem kamp\u0131nda gen\u00e7ler bir araya geldi. K\u00f6yce\u011fiz M\u00fcft\u00fcl\u00fc\u011f\u00fc Gen\u00e7lik Koordinat\u00f6rl\u00fc\u011f\u00fc taraf\u0131ndan &#8220;Gen\u00e7lerle El Ele G\u00f6n\u00fcl G\u00f6n\u00fcle&#8221; projesi kapsam\u0131nda gen\u00e7lere y\u00f6nelik olarak bir g\u00fcnl\u00fck ara d\u00f6nem kamp\u0131 d\u00fczenlendi. Gen\u00e7lik Koordinat\u00f6rleri, Vaiz Emine Okulu ve Vaiz Rauf Evleksiz rehberli\u011finde K\u00f6yce\u011fiz Gen\u00e7lik Merkezinde sinema salonunda &#8220;\u00d6zg\u00fcrl\u00fc\u011f\u00fcn Sesi Bilal&#8221; filmi izlendi. Film hakk\u0131nda yap\u0131lan&#8230;<\/p>\n","protected":false},"author":1,"featured_media":18696,"comment_status":"open","ping_status":"open","sticky":false,"template":"","format":"standard","meta":{"_crdt_document":"","footnotes":""},"categories":[1],"tags":[],"class_list":["post-18695","post","type-post","status-publish","format-standard","has-post-thumbnail","hentry","category-guncel"],"_links":{"self":[{"href":"https:\/\/www.egemtv.com\/index.php?rest_route=\/wp\/v2\/posts\/18695","targetHints":{"allow":["GET"]}}],"collection":[{"href":"https:\/\/www.egemtv.com\/index.php?rest_route=\/wp\/v2\/posts"}],"about":[{"href":"https:\/\/www.egemtv.com\/index.php?rest_route=\/wp\/v2\/types\/post"}],"author":[{"embeddable":true,"href":"https:\/\/www.egemtv.com\/index.php?rest_route=\/wp\/v2\/users\/1"}],"replies":[{"embeddable":true,"href":"https:\/\/www.egemtv.com\/index.php?rest_route=%2Fwp%2Fv2%2Fcomments&post=18695"}],"version-history":[{"count":1,"href":"https:\/\/www.egemtv.com\/index.php?rest_route=\/wp\/v2\/posts\/18695\/revisions"}],"predecessor-version":[{"id":18697,"href":"https:\/\/www.egemtv.com\/index.php?rest_route=\/wp\/v2\/posts\/18695\/revisions\/18697"}],"wp:featuredmedia":[{"embeddable":true,"href":"https:\/\/www.egemtv.com\/index.php?rest_route=\/wp\/v2\/media\/18696"}],"wp:attachment":[{"href":"https:\/\/www.egemtv.com\/index.php?rest_route=%2Fwp%2Fv2%2Fmedia&parent=18695"}],"wp:term":[{"taxonomy":"category","embeddable":true,"href":"https:\/\/www.egemtv.com\/index.php?rest_route=%2Fwp%2Fv2%2Fcategories&post=18695"},{"taxonomy":"post_tag","embeddable":true,"href":"https:\/\/www.egemtv.com\/index.php?rest_route=%2Fwp%2Fv2%2Ftags&post=18695"}],"curies":[{"name":"wp","href":"https:\/\/api.w.org\/{rel}","templated":true}]}}