{"id":18689,"date":"2025-02-14T09:36:32","date_gmt":"2025-02-14T06:36:32","guid":{"rendered":"https:\/\/www.egemtv.com\/?p=18689"},"modified":"2025-02-14T09:36:39","modified_gmt":"2025-02-14T06:36:39","slug":"koycegizliler-berat-kandilinde-camilere-akin-etti","status":"publish","type":"post","link":"https:\/\/www.egemtv.com\/?p=18689","title":{"rendered":"K\u00f6yce\u011fizliler Berat Kandili\u2019nde camilere ak\u0131n etti"},"content":{"rendered":"<p>Mu\u011fla\u2019n\u0131n K\u00f6yce\u011fiz il\u00e7esinde Berat Kandili\u2019nde vatanda\u015flar ca\u00f6ileri doldurdu.<\/p>\n<p>Sabah saat 10.30\u2019da M\u00fcft\u00fcl\u00fck bayan vaizleri taraf\u0131ndan Balc\u0131lar Mahallesi\u2019nde bayanlara \u00f6zel, ak\u015fam namaz\u0131ndan sonra da Vaiz ve Din Hizmetleri Uzman\u0131 ile Cami g\u00f6revlilerince Merkez Hac\u0131bey Camii, Toparlar Ar\u0131kba\u015f\u0131 Camii ile Beyobas\u0131 Merkez Camiindeki kandil \u00f6zel programlar\u0131 ger\u00e7ekle\u015ftirildi. Vatanda\u015flar\u0131n ak\u0131n ederek camileri doldurdu\u011fu Merkez Hac\u0131bey Camii\u2019ndeki program Din g\u00f6revlilerinin Kur\u2019an-\u0131 Kerim tilaveti ve Mevlid-i \u015eerif ile ba\u015flad\u0131. Akabinde K\u00f6yce\u011fiz \u0130l\u00e7e M\u00fcft\u00fcs\u00fc Ahmet Karag\u00f6z, Berat Gecesi\u2019nin \u00f6nemi hakk\u0131nda sohbet etti. Yap\u0131lan dua ve yats\u0131 namaz\u0131n\u0131n eda edilmesiyle program sona erdi. K\u00f6yce\u011fiz\u2019in t\u00fcm camilerinde ihya edilen Berat Kandili\u2019nde namaz \u00e7\u0131k\u0131\u015f\u0131 hay\u0131rseverler ve cami g\u00f6revlileri taraf\u0131ndan cemaate ikramlarda bulunuldu.<br \/><\/p>\n","protected":false},"excerpt":{"rendered":"<p>Mu\u011fla\u2019n\u0131n K\u00f6yce\u011fiz il\u00e7esinde Berat Kandili\u2019nde vatanda\u015flar ca\u00f6ileri doldurdu. Sabah saat 10.30\u2019da M\u00fcft\u00fcl\u00fck bayan vaizleri taraf\u0131ndan Balc\u0131lar Mahallesi\u2019nde bayanlara \u00f6zel, ak\u015fam namaz\u0131ndan sonra da Vaiz ve Din Hizmetleri Uzman\u0131 ile Cami g\u00f6revlilerince Merkez Hac\u0131bey Camii, Toparlar Ar\u0131kba\u015f\u0131 Camii ile Beyobas\u0131 Merkez Camiindeki kandil \u00f6zel programlar\u0131 ger\u00e7ekle\u015ftirildi. Vatanda\u015flar\u0131n ak\u0131n ederek camileri doldurdu\u011fu Merkez Hac\u0131bey Camii\u2019ndeki program Din&#8230;<\/p>\n","protected":false},"author":1,"featured_media":18690,"comment_status":"open","ping_status":"open","sticky":false,"template":"","format":"standard","meta":{"_crdt_document":"","footnotes":""},"categories":[1],"tags":[],"class_list":["post-18689","post","type-post","status-publish","format-standard","has-post-thumbnail","hentry","category-guncel"],"_links":{"self":[{"href":"https:\/\/www.egemtv.com\/index.php?rest_route=\/wp\/v2\/posts\/18689","targetHints":{"allow":["GET"]}}],"collection":[{"href":"https:\/\/www.egemtv.com\/index.php?rest_route=\/wp\/v2\/posts"}],"about":[{"href":"https:\/\/www.egemtv.com\/index.php?rest_route=\/wp\/v2\/types\/post"}],"author":[{"embeddable":true,"href":"https:\/\/www.egemtv.com\/index.php?rest_route=\/wp\/v2\/users\/1"}],"replies":[{"embeddable":true,"href":"https:\/\/www.egemtv.com\/index.php?rest_route=%2Fwp%2Fv2%2Fcomments&post=18689"}],"version-history":[{"count":1,"href":"https:\/\/www.egemtv.com\/index.php?rest_route=\/wp\/v2\/posts\/18689\/revisions"}],"predecessor-version":[{"id":18691,"href":"https:\/\/www.egemtv.com\/index.php?rest_route=\/wp\/v2\/posts\/18689\/revisions\/18691"}],"wp:featuredmedia":[{"embeddable":true,"href":"https:\/\/www.egemtv.com\/index.php?rest_route=\/wp\/v2\/media\/18690"}],"wp:attachment":[{"href":"https:\/\/www.egemtv.com\/index.php?rest_route=%2Fwp%2Fv2%2Fmedia&parent=18689"}],"wp:term":[{"taxonomy":"category","embeddable":true,"href":"https:\/\/www.egemtv.com\/index.php?rest_route=%2Fwp%2Fv2%2Fcategories&post=18689"},{"taxonomy":"post_tag","embeddable":true,"href":"https:\/\/www.egemtv.com\/index.php?rest_route=%2Fwp%2Fv2%2Ftags&post=18689"}],"curies":[{"name":"wp","href":"https:\/\/api.w.org\/{rel}","templated":true}]}}