{"id":18686,"date":"2025-02-14T09:22:05","date_gmt":"2025-02-14T06:22:05","guid":{"rendered":"https:\/\/www.egemtv.com\/?p=18686"},"modified":"2025-02-14T09:22:09","modified_gmt":"2025-02-14T06:22:09","slug":"beyagacta-cocuklar-tiyatroyla-eglendi","status":"publish","type":"post","link":"https:\/\/www.egemtv.com\/?p=18686","title":{"rendered":"Beya\u011fa\u00e7\u2019ta \u00e7ocuklar tiyatroyla e\u011flendi"},"content":{"rendered":"<p>Beya\u011fa\u00e7 Belediyesi taraf\u0131ndan d\u00fczenlenen etkinlikte &#8220;Arkada\u015f\u0131m Ben Geldim&#8221; adl\u0131 tiyatro oyunu, Beya\u011fa\u00e7l\u0131 \u00e7ocuklarla bulu\u015ftu. E\u011fitici mesajlar\u0131nda da verildi\u011fi oyunda, \u00e7ocuklar kahkaha dolu vakit ge\u00e7irdi.<\/p>\n<p>\u00c7ocuklar\u0131n keyifli ve e\u011flenceli vakit ge\u00e7irmeleri amac\u0131yla Beya\u011fa\u00e7 Belediyesi taraf\u0131ndan \u00e7ocuklara \u00f6zel tiyatro etkinli\u011fi d\u00fczenledi. \u00dcnl\u00fc sinema sanat\u00e7\u0131s\u0131 G\u00fclnihal Demir ve tiyatrocu Nuri Yi\u011fit\u2019in sahne ald\u0131\u011f\u0131 &#8220;Arkada\u015f\u0131m Ben Geldim&#8221; adl\u0131 m\u00fczikli \u00e7ocuk oyunu, b\u00fcy\u00fck be\u011feni toplad\u0131. \u00c7ocuklar tiyatro g\u00f6sterisini kahkahalar i\u00e7inde izledi. Beya\u011fa\u00e7 Belediye Ba\u015fkan\u0131 Sezayi P\u00fct\u00fcn\u2019de g\u00f6steriyi \u00e7ocuklarla birlikte izledi.<\/p>\n<p>Etkinlikte \u00e7ocuklar\u0131n ne\u015fesi ve co\u015fkusundan keyif ald\u0131klar\u0131n\u0131 ve mutlu olduklar\u0131n\u0131 belirten Beya\u011fa\u00e7 Belediye Ba\u015fkan\u0131 Sezayi P\u00fct\u00fcn, &#8220;Beya\u011fa\u00e7 Belediyesi olarak \u00e7ocuklar\u0131m\u0131zla dolu dolu bir tiyatro deneyimini geride b\u0131rakt\u0131k. Kat\u0131l\u0131m g\u00f6steren t\u00fcm \u00f6\u011frencilere ve de\u011ferli \u00f6\u011fretmenlerimize g\u00f6n\u00fclden te\u015fekk\u00fcr ederiz. Her zaman \u00e7ocuklar\u0131m\u0131z\u0131n yan\u0131nday\u0131z.  \u00c7ocuklar\u0131m\u0131z varsa biz var\u0131z. E\u011fitim ve \u00f6\u011fretim i\u00e7in bug\u00fcne kadar elimizden gelen t\u00fcm gayreti g\u00f6sterdik, g\u00f6stermeye de devam edece\u011fiz. \u00d6\u011frencilerimizi il\u00e7emizi temsil ettikleri t\u00fcm kulvarlarda destekliyoruz.  G\u00fclnihal Han\u0131m ve ekibine \u00e7ocuklar\u0131m\u0131z i\u00e7in sahneledikleri e\u011fitici ve \u00f6\u011fretici oyun i\u00e7in te\u015fekk\u00fcr ederiz&#8221; dedi.<\/p>\n<p>Kendilerini Beya\u011fa\u00e7\u2019a davet eden Ba\u015fkan P\u00fct\u00fcn\u2019e te\u015fekk\u00fcr eden sanat\u00e7\u0131 G\u00fclnihal Demir de &#8220;32 y\u0131ll\u0131k bankac\u0131l\u0131\u011f\u0131n ard\u0131ndan emekli oldum. 21 y\u0131ld\u0131r dizi ve filmlerde rol ald\u0131m. 9 y\u0131ld\u0131r da tiyatro oynuyorum. Yapt\u0131\u011f\u0131m\u0131z bu \u00e7al\u0131\u015fmalar beni ya\u015fama ba\u011fl\u0131yor. Sezayi P\u00fct\u00fcn Ba\u015fkan\u0131m\u0131z gibi de\u011ferli b\u00fcrokratlar\u0131n d\u00fczenledi\u011fi bu etkinliklerle halk\u0131m\u0131zla ve \u00e7ocuklar\u0131m\u0131zla bulu\u015fuyoruz. Verdi\u011fimiz mesajlarla \u00e7ocuklar\u0131m\u0131za bir \u015feyler \u00f6\u011fretmeye \u00e7al\u0131\u015f\u0131yoruz. Ekibimizin sahneledi\u011fi iki ayr\u0131 oyun daha var. Bir talep olursa onlar\u0131 da gelip seve seve oynar\u0131z&#8221; diye konu\u015ftu.<br \/><\/p>\n","protected":false},"excerpt":{"rendered":"<p>Beya\u011fa\u00e7 Belediyesi taraf\u0131ndan d\u00fczenlenen etkinlikte &#8220;Arkada\u015f\u0131m Ben Geldim&#8221; adl\u0131 tiyatro oyunu, Beya\u011fa\u00e7l\u0131 \u00e7ocuklarla bulu\u015ftu. E\u011fitici mesajlar\u0131nda da verildi\u011fi oyunda, \u00e7ocuklar kahkaha dolu vakit ge\u00e7irdi. \u00c7ocuklar\u0131n keyifli ve e\u011flenceli vakit ge\u00e7irmeleri amac\u0131yla Beya\u011fa\u00e7 Belediyesi taraf\u0131ndan \u00e7ocuklara \u00f6zel tiyatro etkinli\u011fi d\u00fczenledi. \u00dcnl\u00fc sinema sanat\u00e7\u0131s\u0131 G\u00fclnihal Demir ve tiyatrocu Nuri Yi\u011fit\u2019in sahne ald\u0131\u011f\u0131 &#8220;Arkada\u015f\u0131m Ben Geldim&#8221; adl\u0131 m\u00fczikli&#8230;<\/p>\n","protected":false},"author":1,"featured_media":18687,"comment_status":"open","ping_status":"open","sticky":false,"template":"","format":"standard","meta":{"_crdt_document":"","footnotes":""},"categories":[1],"tags":[],"class_list":["post-18686","post","type-post","status-publish","format-standard","has-post-thumbnail","hentry","category-guncel"],"_links":{"self":[{"href":"https:\/\/www.egemtv.com\/index.php?rest_route=\/wp\/v2\/posts\/18686","targetHints":{"allow":["GET"]}}],"collection":[{"href":"https:\/\/www.egemtv.com\/index.php?rest_route=\/wp\/v2\/posts"}],"about":[{"href":"https:\/\/www.egemtv.com\/index.php?rest_route=\/wp\/v2\/types\/post"}],"author":[{"embeddable":true,"href":"https:\/\/www.egemtv.com\/index.php?rest_route=\/wp\/v2\/users\/1"}],"replies":[{"embeddable":true,"href":"https:\/\/www.egemtv.com\/index.php?rest_route=%2Fwp%2Fv2%2Fcomments&post=18686"}],"version-history":[{"count":1,"href":"https:\/\/www.egemtv.com\/index.php?rest_route=\/wp\/v2\/posts\/18686\/revisions"}],"predecessor-version":[{"id":18688,"href":"https:\/\/www.egemtv.com\/index.php?rest_route=\/wp\/v2\/posts\/18686\/revisions\/18688"}],"wp:featuredmedia":[{"embeddable":true,"href":"https:\/\/www.egemtv.com\/index.php?rest_route=\/wp\/v2\/media\/18687"}],"wp:attachment":[{"href":"https:\/\/www.egemtv.com\/index.php?rest_route=%2Fwp%2Fv2%2Fmedia&parent=18686"}],"wp:term":[{"taxonomy":"category","embeddable":true,"href":"https:\/\/www.egemtv.com\/index.php?rest_route=%2Fwp%2Fv2%2Fcategories&post=18686"},{"taxonomy":"post_tag","embeddable":true,"href":"https:\/\/www.egemtv.com\/index.php?rest_route=%2Fwp%2Fv2%2Ftags&post=18686"}],"curies":[{"name":"wp","href":"https:\/\/api.w.org\/{rel}","templated":true}]}}