{"id":18683,"date":"2025-02-14T08:29:44","date_gmt":"2025-02-14T05:29:44","guid":{"rendered":"https:\/\/www.egemtv.com\/?p=18683"},"modified":"2025-02-14T08:29:49","modified_gmt":"2025-02-14T05:29:49","slug":"tavasli-ciftcilere-zeytin-fidanlari-dagitildi","status":"publish","type":"post","link":"https:\/\/www.egemtv.com\/?p=18683","title":{"rendered":"Tavasl\u0131 \u00e7ift\u00e7ilere zeytin fidanlar\u0131 da\u011f\u0131t\u0131ld\u0131"},"content":{"rendered":"<p>Denizli B\u00fcy\u00fck\u015fehir Belediyesi K\u0131rsal Kalk\u0131nma Projesi kapsam\u0131nda Tavasl\u0131 \u00e7ift\u00e7ilere 5 bin 600 adet zeytin fidan\u0131 da\u011f\u0131t\u0131ld\u0131.<br \/>\n<br \/>K\u0131rsal Kalk\u0131nma Projesi kapsam\u0131nda Denizli B\u00fcy\u00fck\u015fehir Belediyesi \u00e7ift\u00e7ilere destek olmaya devam ediyor. Denizli B\u00fcy\u00fck\u015fehir Belediyesi ve Tavas Belediyesin ortak \u00e7al\u0131\u015fmalar\u0131yla zeytin fidan\u0131 da\u011f\u0131t\u0131m projesine ba\u015fvuruda bulunan Tavasl\u0131 \u00e7ift\u00e7ilere zeytin fidanlar\u0131 da\u011f\u0131t\u0131ld\u0131. Toplamda 5 bin 600 adet sertifikal\u0131 zeytin fidan\u0131 da\u011f\u0131t\u0131m\u0131 yap\u0131ld\u0131.<br \/>\n<br \/>Tavas Belediye Ba\u015fkan\u0131 Kadir Tat\u0131k yapt\u0131\u011f\u0131 payla\u015f\u0131mda, &#8220;Denizli B\u00fcy\u00fck\u015fehir Belediyemizin k\u0131rsal kalk\u0131nma projeleri kapsam\u0131nda, il\u00e7emizden ba\u015fvuruda bulunan \u00e7ift\u00e7ilerimize 5600 adet sertifikal\u0131 zeytin fidan\u0131 teslim ettik. Tar\u0131msal \u00fcretimi destekleyen benzer projelerle, \u00e7ift\u00e7ilerimizin yan\u0131nda olmaya devam edece\u011fiz. Ba\u015fta Denizli B\u00fcy\u00fck\u015fehir Belediyemiz ve Belediye Ba\u015fkan\u0131m\u0131z B\u00fclent Nuri \u00c7avu\u015fo\u011flu olmak \u00fczere eme\u011fi ge\u00e7en herkese te\u015fekk\u00fcr ederiz&#8221; ifadelerini kulland\u0131.<br \/><\/p>\n","protected":false},"excerpt":{"rendered":"<p>Denizli B\u00fcy\u00fck\u015fehir Belediyesi K\u0131rsal Kalk\u0131nma Projesi kapsam\u0131nda Tavasl\u0131 \u00e7ift\u00e7ilere 5 bin 600 adet zeytin fidan\u0131 da\u011f\u0131t\u0131ld\u0131. K\u0131rsal Kalk\u0131nma Projesi kapsam\u0131nda Denizli B\u00fcy\u00fck\u015fehir Belediyesi \u00e7ift\u00e7ilere destek olmaya devam ediyor. Denizli B\u00fcy\u00fck\u015fehir Belediyesi ve Tavas Belediyesin ortak \u00e7al\u0131\u015fmalar\u0131yla zeytin fidan\u0131 da\u011f\u0131t\u0131m projesine ba\u015fvuruda bulunan Tavasl\u0131 \u00e7ift\u00e7ilere zeytin fidanlar\u0131 da\u011f\u0131t\u0131ld\u0131. Toplamda 5 bin 600 adet sertifikal\u0131 zeytin fidan\u0131&#8230;<\/p>\n","protected":false},"author":1,"featured_media":18684,"comment_status":"open","ping_status":"open","sticky":false,"template":"","format":"standard","meta":{"_crdt_document":"","footnotes":""},"categories":[127],"tags":[],"class_list":["post-18683","post","type-post","status-publish","format-standard","has-post-thumbnail","hentry","category-siyaset"],"_links":{"self":[{"href":"https:\/\/www.egemtv.com\/index.php?rest_route=\/wp\/v2\/posts\/18683","targetHints":{"allow":["GET"]}}],"collection":[{"href":"https:\/\/www.egemtv.com\/index.php?rest_route=\/wp\/v2\/posts"}],"about":[{"href":"https:\/\/www.egemtv.com\/index.php?rest_route=\/wp\/v2\/types\/post"}],"author":[{"embeddable":true,"href":"https:\/\/www.egemtv.com\/index.php?rest_route=\/wp\/v2\/users\/1"}],"replies":[{"embeddable":true,"href":"https:\/\/www.egemtv.com\/index.php?rest_route=%2Fwp%2Fv2%2Fcomments&post=18683"}],"version-history":[{"count":1,"href":"https:\/\/www.egemtv.com\/index.php?rest_route=\/wp\/v2\/posts\/18683\/revisions"}],"predecessor-version":[{"id":18685,"href":"https:\/\/www.egemtv.com\/index.php?rest_route=\/wp\/v2\/posts\/18683\/revisions\/18685"}],"wp:featuredmedia":[{"embeddable":true,"href":"https:\/\/www.egemtv.com\/index.php?rest_route=\/wp\/v2\/media\/18684"}],"wp:attachment":[{"href":"https:\/\/www.egemtv.com\/index.php?rest_route=%2Fwp%2Fv2%2Fmedia&parent=18683"}],"wp:term":[{"taxonomy":"category","embeddable":true,"href":"https:\/\/www.egemtv.com\/index.php?rest_route=%2Fwp%2Fv2%2Fcategories&post=18683"},{"taxonomy":"post_tag","embeddable":true,"href":"https:\/\/www.egemtv.com\/index.php?rest_route=%2Fwp%2Fv2%2Ftags&post=18683"}],"curies":[{"name":"wp","href":"https:\/\/api.w.org\/{rel}","templated":true}]}}