{"id":18679,"date":"2025-02-13T22:22:45","date_gmt":"2025-02-13T19:22:45","guid":{"rendered":"https:\/\/www.egemtv.com\/?p=18679"},"modified":"2025-02-13T22:22:49","modified_gmt":"2025-02-13T19:22:49","slug":"kulada-berat-kandili-idrak-edildi-2","status":"publish","type":"post","link":"https:\/\/www.egemtv.com\/?p=18679","title":{"rendered":"Kula\u2019da Berat Kandili idrak edildi"},"content":{"rendered":"<p>Manisa\u2019n\u0131n Kula il\u00e7esinde Berat Kandili dolay\u0131s\u0131yla S\u00fcleyman \u015eah Camii\u2019nde program d\u00fczenlendi. Vatanda\u015flara salep, helva, lokma, karadut \u015ferbeti ikram edildi.<br \/>\n<br \/>Berat Kandili dolay\u0131s\u0131yla Kula \u015eah S\u00fcleyman Camii\u2019nde kandil program\u0131 d\u00fczenlendi. D\u00fczenlenen kandil program\u0131 sonras\u0131 vatanda\u015flara salep, helva, lokma, Kula Belediyesi hay\u0131r \u00e7e\u015fmesinden karadut \u015ferbeti ikramlar\u0131nda bulunuldu.<br \/>\n<br \/>\u0130l\u00e7e M\u00fcft\u00fcs\u00fc Halil Kara yapm\u0131\u015f oldu\u011fu a\u00e7\u0131klamada, &#8220;\u0130l\u00e7e M\u00fcft\u00fcl\u00fc\u011f\u00fcm\u00fczce her kandilde oldu\u011fu gibi bu kandilde \u015eah S\u00fcleyman Camii\u2019nde d\u00fczenledi\u011fimiz programda misafir hocalar\u0131m\u0131z\u0131n okumu\u015f oldu\u011fu Kuran tilavetleri, ilahiler ve Mevlidi \u015eeriflerin ard\u0131ndan \u0130l\u00e7e M\u00fcft\u00fcl\u00fc\u011f\u00fcm\u00fcz ve Kulal\u0131 hay\u0131rseverlerimizin yard\u0131m\u0131 ile 2 bin 500 ki\u015filik s\u0131cak salep, helva ve lokma ikram\u0131nda bulunduk. T\u00fcm vatanda\u015flar\u0131m\u0131z\u0131n Berat Kandili m\u00fcbarek olsun&#8221; dedi.<br \/>\n<br \/>Kula Kaymakam\u0131 \u00d6mer Ahmet \u00d6zdemir de d\u00fczenlenen Kandil Program\u0131 sonras\u0131 Kulal\u0131 vatanda\u015flara s\u0131cak salep da\u011f\u0131tt\u0131. D\u00fczenlenen Kandil Program\u0131 Mevlid-i \u015eerif program\u0131 ve Kula M\u00fcft\u00fcs\u00fc Halil Kara\u2019n\u0131n duas\u0131n\u0131n ard\u0131ndan sona erdi.<br \/>\n<br \/>Kandil program\u0131na \u0130zmir Kestane Pazar\u0131 Hatay Kuran Kursu \u00d6\u011freticileri Yasin Uslu ve Enes Kaput, \u0130zmir Alsancak Hocazade Camii Emekli \u0130mam Hatibi Ahmet Kuzgun, \u0130zmir Kar\u015f\u0131yaka Bostanl\u0131 Camii M\u00fcezzin Kayy\u0131m\u0131 Selahaddin Kuzgun ve \u0130zmir Konak  Kestane Pazar\u0131 Kuran Kursu \u00d6\u011freticisi Sad\u0131k Da\u015ftan kat\u0131ld\u0131.<br \/><\/p>\n","protected":false},"excerpt":{"rendered":"<p>Manisa\u2019n\u0131n Kula il\u00e7esinde Berat Kandili dolay\u0131s\u0131yla S\u00fcleyman \u015eah Camii\u2019nde program d\u00fczenlendi. Vatanda\u015flara salep, helva, lokma, karadut \u015ferbeti ikram edildi. Berat Kandili dolay\u0131s\u0131yla Kula \u015eah S\u00fcleyman Camii\u2019nde kandil program\u0131 d\u00fczenlendi. D\u00fczenlenen kandil program\u0131 sonras\u0131 vatanda\u015flara salep, helva, lokma, Kula Belediyesi hay\u0131r \u00e7e\u015fmesinden karadut \u015ferbeti ikramlar\u0131nda bulunuldu. \u0130l\u00e7e M\u00fcft\u00fcs\u00fc Halil Kara yapm\u0131\u015f oldu\u011fu a\u00e7\u0131klamada, &#8220;\u0130l\u00e7e M\u00fcft\u00fcl\u00fc\u011f\u00fcm\u00fczce her&#8230;<\/p>\n","protected":false},"author":1,"featured_media":18680,"comment_status":"open","ping_status":"open","sticky":false,"template":"","format":"standard","meta":{"_crdt_document":"","footnotes":""},"categories":[1],"tags":[],"class_list":["post-18679","post","type-post","status-publish","format-standard","has-post-thumbnail","hentry","category-guncel"],"_links":{"self":[{"href":"https:\/\/www.egemtv.com\/index.php?rest_route=\/wp\/v2\/posts\/18679","targetHints":{"allow":["GET"]}}],"collection":[{"href":"https:\/\/www.egemtv.com\/index.php?rest_route=\/wp\/v2\/posts"}],"about":[{"href":"https:\/\/www.egemtv.com\/index.php?rest_route=\/wp\/v2\/types\/post"}],"author":[{"embeddable":true,"href":"https:\/\/www.egemtv.com\/index.php?rest_route=\/wp\/v2\/users\/1"}],"replies":[{"embeddable":true,"href":"https:\/\/www.egemtv.com\/index.php?rest_route=%2Fwp%2Fv2%2Fcomments&post=18679"}],"version-history":[{"count":1,"href":"https:\/\/www.egemtv.com\/index.php?rest_route=\/wp\/v2\/posts\/18679\/revisions"}],"predecessor-version":[{"id":18682,"href":"https:\/\/www.egemtv.com\/index.php?rest_route=\/wp\/v2\/posts\/18679\/revisions\/18682"}],"wp:featuredmedia":[{"embeddable":true,"href":"https:\/\/www.egemtv.com\/index.php?rest_route=\/wp\/v2\/media\/18680"}],"wp:attachment":[{"href":"https:\/\/www.egemtv.com\/index.php?rest_route=%2Fwp%2Fv2%2Fmedia&parent=18679"}],"wp:term":[{"taxonomy":"category","embeddable":true,"href":"https:\/\/www.egemtv.com\/index.php?rest_route=%2Fwp%2Fv2%2Fcategories&post=18679"},{"taxonomy":"post_tag","embeddable":true,"href":"https:\/\/www.egemtv.com\/index.php?rest_route=%2Fwp%2Fv2%2Ftags&post=18679"}],"curies":[{"name":"wp","href":"https:\/\/api.w.org\/{rel}","templated":true}]}}