{"id":18674,"date":"2025-02-13T20:26:17","date_gmt":"2025-02-13T17:26:17","guid":{"rendered":"https:\/\/www.egemtv.com\/?p=18674"},"modified":"2025-02-13T20:26:22","modified_gmt":"2025-02-13T17:26:22","slug":"cesme-jasattan-operasyon-25-yil-hapis-cezasi-bulunan-sahis-yakalandi","status":"publish","type":"post","link":"https:\/\/www.egemtv.com\/?p=18674","title":{"rendered":"\u00c7e\u015fme JASAT\u2019tan operasyon: 25 y\u0131l hapis cezas\u0131 bulunan \u015fah\u0131s yakaland\u0131"},"content":{"rendered":"<p>\u0130zmir\u2019in \u00c7e\u015fme il\u00e7esinde Jandarma Su\u00e7 Ara\u015ft\u0131rma Tim Komutanl\u0131\u011f\u0131 (JASAT) dedektifleri, hakk\u0131nda 6 ayr\u0131 su\u00e7tan kesinle\u015fmi\u015f 25 y\u0131l hapis cezas\u0131 bulunan firariyi ba\u015far\u0131l\u0131 bir operasyonla yakalad\u0131.<br \/>\n<br \/>Edinilen bilgilere g\u00f6re, \u00c7e\u015fme JASAT ekipleri, Karaburun \u0130l\u00e7e Jandarma Komutanl\u0131\u011f\u0131 ekipleri ile i\u015f birli\u011fi yaparak aranan \u015fahs\u0131n Karaburun\u2019da sakland\u0131\u011f\u0131n\u0131 tespit etti. D\u00fczenlenen operasyonda \u015fah\u0131s k\u0131sk\u0131vrak yakalanarak g\u00f6zalt\u0131na al\u0131nd\u0131. Adli makamlara sevk edilen zanl\u0131, \u00e7\u0131kar\u0131ld\u0131\u011f\u0131 mahkemece tutuklanarak cezaevine g\u00f6nderildi.<br \/><\/p>\n","protected":false},"excerpt":{"rendered":"<p>\u0130zmir\u2019in \u00c7e\u015fme il\u00e7esinde Jandarma Su\u00e7 Ara\u015ft\u0131rma Tim Komutanl\u0131\u011f\u0131 (JASAT) dedektifleri, hakk\u0131nda 6 ayr\u0131 su\u00e7tan kesinle\u015fmi\u015f 25 y\u0131l hapis cezas\u0131 bulunan firariyi ba\u015far\u0131l\u0131 bir operasyonla yakalad\u0131. Edinilen bilgilere g\u00f6re, \u00c7e\u015fme JASAT ekipleri, Karaburun \u0130l\u00e7e Jandarma Komutanl\u0131\u011f\u0131 ekipleri ile i\u015f birli\u011fi yaparak aranan \u015fahs\u0131n Karaburun\u2019da sakland\u0131\u011f\u0131n\u0131 tespit etti. D\u00fczenlenen operasyonda \u015fah\u0131s k\u0131sk\u0131vrak yakalanarak g\u00f6zalt\u0131na al\u0131nd\u0131. Adli makamlara&#8230;<\/p>\n","protected":false},"author":1,"featured_media":18675,"comment_status":"open","ping_status":"open","sticky":false,"template":"","format":"standard","meta":{"_crdt_document":"","footnotes":""},"categories":[5],"tags":[],"class_list":["post-18674","post","type-post","status-publish","format-standard","has-post-thumbnail","hentry","category-asayis"],"_links":{"self":[{"href":"https:\/\/www.egemtv.com\/index.php?rest_route=\/wp\/v2\/posts\/18674","targetHints":{"allow":["GET"]}}],"collection":[{"href":"https:\/\/www.egemtv.com\/index.php?rest_route=\/wp\/v2\/posts"}],"about":[{"href":"https:\/\/www.egemtv.com\/index.php?rest_route=\/wp\/v2\/types\/post"}],"author":[{"embeddable":true,"href":"https:\/\/www.egemtv.com\/index.php?rest_route=\/wp\/v2\/users\/1"}],"replies":[{"embeddable":true,"href":"https:\/\/www.egemtv.com\/index.php?rest_route=%2Fwp%2Fv2%2Fcomments&post=18674"}],"version-history":[{"count":1,"href":"https:\/\/www.egemtv.com\/index.php?rest_route=\/wp\/v2\/posts\/18674\/revisions"}],"predecessor-version":[{"id":18676,"href":"https:\/\/www.egemtv.com\/index.php?rest_route=\/wp\/v2\/posts\/18674\/revisions\/18676"}],"wp:featuredmedia":[{"embeddable":true,"href":"https:\/\/www.egemtv.com\/index.php?rest_route=\/wp\/v2\/media\/18675"}],"wp:attachment":[{"href":"https:\/\/www.egemtv.com\/index.php?rest_route=%2Fwp%2Fv2%2Fmedia&parent=18674"}],"wp:term":[{"taxonomy":"category","embeddable":true,"href":"https:\/\/www.egemtv.com\/index.php?rest_route=%2Fwp%2Fv2%2Fcategories&post=18674"},{"taxonomy":"post_tag","embeddable":true,"href":"https:\/\/www.egemtv.com\/index.php?rest_route=%2Fwp%2Fv2%2Ftags&post=18674"}],"curies":[{"name":"wp","href":"https:\/\/api.w.org\/{rel}","templated":true}]}}