{"id":18671,"date":"2025-02-13T19:17:14","date_gmt":"2025-02-13T16:17:14","guid":{"rendered":"https:\/\/www.egemtv.com\/?p=18671"},"modified":"2025-02-13T19:17:19","modified_gmt":"2025-02-13T16:17:19","slug":"sehzadeler-belediyesinden-helva-ikrami","status":"publish","type":"post","link":"https:\/\/www.egemtv.com\/?p=18671","title":{"rendered":"\u015eehzadeler Belediyesinden helva ikram\u0131"},"content":{"rendered":"<p>\u015eehzadeler Belediyesi, Berat Kandili dolay\u0131s\u0131yla vatanda\u015flara kandil helvas\u0131 ikram etti. Etkinli\u011fe kat\u0131lan Belediye Ba\u015fkan Yard\u0131mc\u0131s\u0131 Onur Ceylan, kandillerin birlik ve beraberli\u011fi peki\u015ftirdi\u011fini vurgulad\u0131.<br \/>\n<br \/>\u015eehzadeler Belediyesi, Berat Kandili dolay\u0131s\u0131yla il\u00e7enin \u00fc\u00e7 farkl\u0131 noktas\u0131nda vatanda\u015flara kandil helvas\u0131 ikram etti. Alaybey Camisi, Yeni Cami ve Manolya Meydan\u0131\u2019nda ger\u00e7ekle\u015ftirilen etkinliklere yurtta\u015flar yo\u011fun ilgi g\u00f6sterdi. Belediye ekipleri taraf\u0131ndan da\u011f\u0131t\u0131lan helvalar, kandil co\u015fkusunu payla\u015fmak isteyen vatanda\u015flar taraf\u0131ndan memnuniyetle kar\u015f\u0131land\u0131.<br \/>\n<br \/>Etkinli\u011fe kat\u0131lan \u015eehzadeler Belediye Ba\u015fkan Yard\u0131mc\u0131s\u0131 Onur Ceylan da vatanda\u015flara helva ikram ederek kandillerini kutlad\u0131. Ceylan, kandillerin birlik, beraberlik ve dayan\u0131\u015fma duygular\u0131n\u0131 g\u00fc\u00e7lendirdi\u011fini belirterek, &#8220;Bu m\u00fcbarek gecede vatanda\u015flar\u0131m\u0131zla bir araya gelmekten b\u00fcy\u00fck mutluluk duyuyoruz. \u015eehzadeler Belediyesi olarak, manevi de\u011ferlerimizi ya\u015fatmaya ve payla\u015fmaya devam edece\u011fiz&#8221; dedi.<br \/><\/p>\n","protected":false},"excerpt":{"rendered":"<p>\u015eehzadeler Belediyesi, Berat Kandili dolay\u0131s\u0131yla vatanda\u015flara kandil helvas\u0131 ikram etti. Etkinli\u011fe kat\u0131lan Belediye Ba\u015fkan Yard\u0131mc\u0131s\u0131 Onur Ceylan, kandillerin birlik ve beraberli\u011fi peki\u015ftirdi\u011fini vurgulad\u0131. \u015eehzadeler Belediyesi, Berat Kandili dolay\u0131s\u0131yla il\u00e7enin \u00fc\u00e7 farkl\u0131 noktas\u0131nda vatanda\u015flara kandil helvas\u0131 ikram etti. Alaybey Camisi, Yeni Cami ve Manolya Meydan\u0131\u2019nda ger\u00e7ekle\u015ftirilen etkinliklere yurtta\u015flar yo\u011fun ilgi g\u00f6sterdi. Belediye ekipleri taraf\u0131ndan da\u011f\u0131t\u0131lan helvalar,&#8230;<\/p>\n","protected":false},"author":1,"featured_media":18672,"comment_status":"open","ping_status":"open","sticky":false,"template":"","format":"standard","meta":{"_crdt_document":"","footnotes":""},"categories":[123],"tags":[],"class_list":["post-18671","post","type-post","status-publish","format-standard","has-post-thumbnail","hentry","category-gundem"],"_links":{"self":[{"href":"https:\/\/www.egemtv.com\/index.php?rest_route=\/wp\/v2\/posts\/18671","targetHints":{"allow":["GET"]}}],"collection":[{"href":"https:\/\/www.egemtv.com\/index.php?rest_route=\/wp\/v2\/posts"}],"about":[{"href":"https:\/\/www.egemtv.com\/index.php?rest_route=\/wp\/v2\/types\/post"}],"author":[{"embeddable":true,"href":"https:\/\/www.egemtv.com\/index.php?rest_route=\/wp\/v2\/users\/1"}],"replies":[{"embeddable":true,"href":"https:\/\/www.egemtv.com\/index.php?rest_route=%2Fwp%2Fv2%2Fcomments&post=18671"}],"version-history":[{"count":1,"href":"https:\/\/www.egemtv.com\/index.php?rest_route=\/wp\/v2\/posts\/18671\/revisions"}],"predecessor-version":[{"id":18673,"href":"https:\/\/www.egemtv.com\/index.php?rest_route=\/wp\/v2\/posts\/18671\/revisions\/18673"}],"wp:featuredmedia":[{"embeddable":true,"href":"https:\/\/www.egemtv.com\/index.php?rest_route=\/wp\/v2\/media\/18672"}],"wp:attachment":[{"href":"https:\/\/www.egemtv.com\/index.php?rest_route=%2Fwp%2Fv2%2Fmedia&parent=18671"}],"wp:term":[{"taxonomy":"category","embeddable":true,"href":"https:\/\/www.egemtv.com\/index.php?rest_route=%2Fwp%2Fv2%2Fcategories&post=18671"},{"taxonomy":"post_tag","embeddable":true,"href":"https:\/\/www.egemtv.com\/index.php?rest_route=%2Fwp%2Fv2%2Ftags&post=18671"}],"curies":[{"name":"wp","href":"https:\/\/api.w.org\/{rel}","templated":true}]}}