{"id":18668,"date":"2025-02-13T19:13:10","date_gmt":"2025-02-13T16:13:10","guid":{"rendered":"https:\/\/www.egemtv.com\/?p=18668"},"modified":"2025-02-13T19:13:15","modified_gmt":"2025-02-13T16:13:15","slug":"marmaris-belediyesi-personeline-is-guvenligi-egitimi","status":"publish","type":"post","link":"https:\/\/www.egemtv.com\/?p=18668","title":{"rendered":"Marmaris Belediyesi personeline i\u015f g\u00fcvenli\u011fi e\u011fitimi"},"content":{"rendered":"<p>Marmaris Belediyesi\u2019nde g\u00f6rev yapan personeline i\u015f g\u00fcvenli\u011fi e\u011fitimi verildi.<\/p>\n<p>Marmaris Belediyesi personelinin g\u00fcvenli ve sa\u011fl\u0131kl\u0131 bir \u00e7al\u0131\u015fma ortam\u0131nda hizmet sunmalar\u0131n\u0131 sa\u011flamak amac\u0131yla i\u015f sa\u011fl\u0131\u011f\u0131 ve g\u00fcvenli\u011fi e\u011fitimleri devam ediyor. Bu kapsamda Temizlik \u0130\u015fleri M\u00fcd\u00fcrl\u00fc\u011f\u00fc ve Park Bah\u00e7eler M\u00fcd\u00fcrl\u00fc\u011f\u00fc\u2019nde g\u00f6rev yapan personellere y\u00f6nelik e\u011fitim program\u0131 d\u00fczenlendi.<br \/>\n<br \/>\u0130\u015f G\u00fcvenli\u011fi Uzman\u0131 Mesut \u00c7oban taraf\u0131ndan teorik e\u011fitimin ard\u0131ndan Makine Ara\u00e7 Park\u0131\u2019nda verilen e\u011fitimlerde \u00e7al\u0131\u015fanlar\u0131n g\u00fcnl\u00fck i\u015f rutinlerinde dikkat etmeleri gereken g\u00fcvenlik \u00f6nlemleri, i\u015f kazalar\u0131n\u0131n \u00f6nlenmesi, acil durumlarda yap\u0131lmas\u0131 gerekenler ve i\u015f sa\u011fl\u0131\u011f\u0131 mevzuat\u0131 kapsam\u0131ndaki sorumluluklar\u0131 detayl\u0131 bir \u015fekilde ele al\u0131nd\u0131. \u00c7al\u0131\u015fma alanlar\u0131ndaki riskler, acil durumlar ve yang\u0131nlar hakk\u0131nda bilgilendirmeler yap\u0131ld\u0131.<br \/>\n<br \/>\u0130\u015f g\u00fcvenli\u011fi ve i\u015f\u00e7i sa\u011fl\u0131\u011f\u0131 konusunda her zaman hassasiyetlerini koruduklar\u0131n\u0131 s\u00f6yleyen Belediye yetkilileri, benzer e\u011fitimlerin di\u011fer m\u00fcd\u00fcrl\u00fcklerin de kat\u0131l\u0131m\u0131 ile d\u00fczenli olarak devam edece\u011fini belirterek, \u00e7al\u0131\u015fanlar\u0131n bilin\u00e7lendirilmesinin i\u015f kazalar\u0131n\u0131n \u00f6nlenmesinde b\u00fcy\u00fck rol oynad\u0131\u011f\u0131n\u0131 vurgulad\u0131.<br \/><\/p>\n","protected":false},"excerpt":{"rendered":"<p>Marmaris Belediyesi\u2019nde g\u00f6rev yapan personeline i\u015f g\u00fcvenli\u011fi e\u011fitimi verildi. Marmaris Belediyesi personelinin g\u00fcvenli ve sa\u011fl\u0131kl\u0131 bir \u00e7al\u0131\u015fma ortam\u0131nda hizmet sunmalar\u0131n\u0131 sa\u011flamak amac\u0131yla i\u015f sa\u011fl\u0131\u011f\u0131 ve g\u00fcvenli\u011fi e\u011fitimleri devam ediyor. Bu kapsamda Temizlik \u0130\u015fleri M\u00fcd\u00fcrl\u00fc\u011f\u00fc ve Park Bah\u00e7eler M\u00fcd\u00fcrl\u00fc\u011f\u00fc\u2019nde g\u00f6rev yapan personellere y\u00f6nelik e\u011fitim program\u0131 d\u00fczenlendi. \u0130\u015f G\u00fcvenli\u011fi Uzman\u0131 Mesut \u00c7oban taraf\u0131ndan teorik e\u011fitimin ard\u0131ndan Makine&#8230;<\/p>\n","protected":false},"author":1,"featured_media":18669,"comment_status":"open","ping_status":"open","sticky":false,"template":"","format":"standard","meta":{"_crdt_document":"","footnotes":""},"categories":[1],"tags":[],"class_list":["post-18668","post","type-post","status-publish","format-standard","has-post-thumbnail","hentry","category-guncel"],"_links":{"self":[{"href":"https:\/\/www.egemtv.com\/index.php?rest_route=\/wp\/v2\/posts\/18668","targetHints":{"allow":["GET"]}}],"collection":[{"href":"https:\/\/www.egemtv.com\/index.php?rest_route=\/wp\/v2\/posts"}],"about":[{"href":"https:\/\/www.egemtv.com\/index.php?rest_route=\/wp\/v2\/types\/post"}],"author":[{"embeddable":true,"href":"https:\/\/www.egemtv.com\/index.php?rest_route=\/wp\/v2\/users\/1"}],"replies":[{"embeddable":true,"href":"https:\/\/www.egemtv.com\/index.php?rest_route=%2Fwp%2Fv2%2Fcomments&post=18668"}],"version-history":[{"count":1,"href":"https:\/\/www.egemtv.com\/index.php?rest_route=\/wp\/v2\/posts\/18668\/revisions"}],"predecessor-version":[{"id":18670,"href":"https:\/\/www.egemtv.com\/index.php?rest_route=\/wp\/v2\/posts\/18668\/revisions\/18670"}],"wp:featuredmedia":[{"embeddable":true,"href":"https:\/\/www.egemtv.com\/index.php?rest_route=\/wp\/v2\/media\/18669"}],"wp:attachment":[{"href":"https:\/\/www.egemtv.com\/index.php?rest_route=%2Fwp%2Fv2%2Fmedia&parent=18668"}],"wp:term":[{"taxonomy":"category","embeddable":true,"href":"https:\/\/www.egemtv.com\/index.php?rest_route=%2Fwp%2Fv2%2Fcategories&post=18668"},{"taxonomy":"post_tag","embeddable":true,"href":"https:\/\/www.egemtv.com\/index.php?rest_route=%2Fwp%2Fv2%2Ftags&post=18668"}],"curies":[{"name":"wp","href":"https:\/\/api.w.org\/{rel}","templated":true}]}}