{"id":18662,"date":"2025-02-13T19:02:14","date_gmt":"2025-02-13T16:02:14","guid":{"rendered":"https:\/\/www.egemtv.com\/?p=18662"},"modified":"2025-02-13T19:02:21","modified_gmt":"2025-02-13T16:02:21","slug":"kusadasindaki-trafik-ve-egitim-parki-25-ayda-1738-ogrenciyi-agirladi","status":"publish","type":"post","link":"https:\/\/www.egemtv.com\/?p=18662","title":{"rendered":"Ku\u015fadas\u0131\u2019ndaki trafik ve e\u011fitim park\u0131 2,5 ayda 1738 \u00f6\u011frenciyi a\u011f\u0131rlad\u0131"},"content":{"rendered":"<p>Ba\u015fkan \u00d6mer G\u00fcnel taraf\u0131ndan \u00e7ocuklar\u0131n trafik e\u011fitimi almas\u0131 amac\u0131yla kente kazand\u0131r\u0131lan \u015eehit Fethi Sekin Trafik ve E\u011fitim Park\u0131, hizmete a\u00e7\u0131ld\u0131\u011f\u0131 g\u00fcnden bu yana ge\u00e7en yakla\u015f\u0131k 2,5 ayl\u0131k s\u00fcrede bin 738 ilk\u00f6\u011fretim \u00f6\u011frencisini a\u011f\u0131rlad\u0131. \u00d6\u011fretmenleriyle birlikte parka gelen \u00f6\u011frenciler, polis ekiplerinden uygulamal\u0131 olarak trafik kurallar\u0131n\u0131 \u00f6\u011frenirken e\u011flenceli vakit ge\u00e7irme f\u0131rsat\u0131 buldu.<\/p>\n<p>Ku\u015fadas\u0131 Belediyesi\u2019nin, gelece\u011fin bilin\u00e7li yaya ve s\u00fcr\u00fcc\u00fclerinin yeti\u015fmesini sa\u011flamak amac\u0131yla 2024 y\u0131l\u0131n Kas\u0131m ay\u0131 sonunda Yavansu Mahallesi\u2019nde \u00f6\u011frenciler i\u00e7in hizmete a\u00e7t\u0131\u011f\u0131 \u015eehit Fethi Sekin Trafik ve E\u011fitim Park\u0131 yo\u011fun ilgi g\u00f6r\u00fcyor. Yakla\u015f\u0131k 4 bin 200 metrekare olan \u00fczerine kurulu olan temal\u0131 park, hafta i\u00e7i her g\u00fcn farkl\u0131 okullardan gelen \u00f6\u011frencileri misafir ediyor. Trafik ve E\u011fitim Park\u0131\u2019nda \u00f6\u011frencilere ilk \u00f6nce trafikte yap\u0131lmas\u0131 gerekenler anlat\u0131l\u0131yor. Daha sonra e\u011fitim ara\u00e7lar\u0131yla \u00f6zel olarak olu\u015fturulan parkura \u00e7\u0131kan \u00f6\u011frencilere, trafik \u0131\u015f\u0131klar\u0131 ve levhalar\u0131n\u0131n ne anlama geldi\u011fi ile yaya ge\u00e7idinin nas\u0131l kullan\u0131laca\u011f\u0131 trafik polisleri taraf\u0131ndan uygulamalar\u0131 olarak \u00f6\u011fretiliyor.<\/p>\n<p>Ku\u015fadas\u0131 Belediyesi, \u0130l\u00e7e Milli E\u011fitim M\u00fcd\u00fcrl\u00fc\u011f\u00fc ve \u0130l\u00e7e Emniyet M\u00fcd\u00fcrl\u00fc\u011f\u00fc i\u015f birli\u011fi i\u00e7erisinde ger\u00e7ekle\u015ftirilen e\u011fitimlerde \u00f6\u011frencilere, park\u0131n hemen d\u0131\u015f\u0131na getirilen acil yard\u0131m ambulans\u0131 hakk\u0131nda da bilgi veriliyor. Ambulans g\u00f6revlileri \u00f6\u011frencilere, acil bir durumla kar\u015f\u0131la\u015ft\u0131klar\u0131nda nas\u0131l ambulans \u00e7a\u011f\u0131racaklar\u0131n\u0131, hangi durumlarda 112 Acil \u00c7a\u011fr\u0131 Merkezi numaras\u0131n\u0131n aranmas\u0131 gerekti\u011fini ve ambulans\u0131n \u00e7al\u0131\u015fma sistemi gibi konular\u0131 anlat\u0131yor.<\/p>\n<p>Ailelerin de \u00e7ocuklar\u0131yla birlikte iyi vakit ge\u00e7irebilmeleri i\u00e7in bank, kameriye, bisiklet ve y\u00fcr\u00fcy\u00fc\u015f yollar\u0131n\u0131n da bulundu\u011fu \u015eehit Fethi Sekin Trafik ve E\u011fitim Park\u0131, hizmete a\u00e7\u0131ld\u0131\u011f\u0131 g\u00fcnden bu yana ge\u00e7en yakla\u015f\u0131k 2,5 ayl\u0131k s\u00fcrede bin 738 \u00f6\u011frenciyi misafir etti. Trafik kurallar\u0131n\u0131 \u00f6\u011frenirken e\u011flenceli vakit ge\u00e7iren \u00f6\u011frenciler, Ba\u015fkan \u00d6mer G\u00fcnel\u2019e kendilerine bu f\u0131rsat\u0131 sundu\u011fu i\u00e7in te\u015fekk\u00fcr ettiler.<br \/><\/p>\n","protected":false},"excerpt":{"rendered":"<p>Ba\u015fkan \u00d6mer G\u00fcnel taraf\u0131ndan \u00e7ocuklar\u0131n trafik e\u011fitimi almas\u0131 amac\u0131yla kente kazand\u0131r\u0131lan \u015eehit Fethi Sekin Trafik ve E\u011fitim Park\u0131, hizmete a\u00e7\u0131ld\u0131\u011f\u0131 g\u00fcnden bu yana ge\u00e7en yakla\u015f\u0131k 2,5 ayl\u0131k s\u00fcrede bin 738 ilk\u00f6\u011fretim \u00f6\u011frencisini a\u011f\u0131rlad\u0131. \u00d6\u011fretmenleriyle birlikte parka gelen \u00f6\u011frenciler, polis ekiplerinden uygulamal\u0131 olarak trafik kurallar\u0131n\u0131 \u00f6\u011frenirken e\u011flenceli vakit ge\u00e7irme f\u0131rsat\u0131 buldu. Ku\u015fadas\u0131 Belediyesi\u2019nin, gelece\u011fin bilin\u00e7li yaya&#8230;<\/p>\n","protected":false},"author":1,"featured_media":18663,"comment_status":"open","ping_status":"open","sticky":false,"template":"","format":"standard","meta":{"_crdt_document":"","footnotes":""},"categories":[1],"tags":[],"class_list":["post-18662","post","type-post","status-publish","format-standard","has-post-thumbnail","hentry","category-guncel"],"_links":{"self":[{"href":"https:\/\/www.egemtv.com\/index.php?rest_route=\/wp\/v2\/posts\/18662","targetHints":{"allow":["GET"]}}],"collection":[{"href":"https:\/\/www.egemtv.com\/index.php?rest_route=\/wp\/v2\/posts"}],"about":[{"href":"https:\/\/www.egemtv.com\/index.php?rest_route=\/wp\/v2\/types\/post"}],"author":[{"embeddable":true,"href":"https:\/\/www.egemtv.com\/index.php?rest_route=\/wp\/v2\/users\/1"}],"replies":[{"embeddable":true,"href":"https:\/\/www.egemtv.com\/index.php?rest_route=%2Fwp%2Fv2%2Fcomments&post=18662"}],"version-history":[{"count":1,"href":"https:\/\/www.egemtv.com\/index.php?rest_route=\/wp\/v2\/posts\/18662\/revisions"}],"predecessor-version":[{"id":18664,"href":"https:\/\/www.egemtv.com\/index.php?rest_route=\/wp\/v2\/posts\/18662\/revisions\/18664"}],"wp:featuredmedia":[{"embeddable":true,"href":"https:\/\/www.egemtv.com\/index.php?rest_route=\/wp\/v2\/media\/18663"}],"wp:attachment":[{"href":"https:\/\/www.egemtv.com\/index.php?rest_route=%2Fwp%2Fv2%2Fmedia&parent=18662"}],"wp:term":[{"taxonomy":"category","embeddable":true,"href":"https:\/\/www.egemtv.com\/index.php?rest_route=%2Fwp%2Fv2%2Fcategories&post=18662"},{"taxonomy":"post_tag","embeddable":true,"href":"https:\/\/www.egemtv.com\/index.php?rest_route=%2Fwp%2Fv2%2Ftags&post=18662"}],"curies":[{"name":"wp","href":"https:\/\/api.w.org\/{rel}","templated":true}]}}