{"id":18659,"date":"2025-02-13T18:11:01","date_gmt":"2025-02-13T15:11:01","guid":{"rendered":"https:\/\/www.egemtv.com\/?p=18659"},"modified":"2025-02-13T18:11:05","modified_gmt":"2025-02-13T15:11:05","slug":"geleneksel-datca-badem-cicegi-festivali-basladi","status":"publish","type":"post","link":"https:\/\/www.egemtv.com\/?p=18659","title":{"rendered":"Geleneksel Dat\u00e7a Badem \u00c7i\u00e7e\u011fi Festivali ba\u015flad\u0131"},"content":{"rendered":"<p>Mu\u011fla\u2019n\u0131n Dat\u00e7a il\u00e7esinde ger\u00e7ekle\u015ftirilen Geleneksel Dat\u00e7a Badem \u00c7i\u00e7e\u011fi Festivali, yo\u011fun bir kat\u0131l\u0131mla ba\u015flad\u0131.<\/p>\n<p>Dat\u00e7a\u2019da geleneksel hale gelen ve 13-16 \u015eubat tarihleri aras\u0131nda ger\u00e7ekle\u015ftirilecek olan Badem \u00c7i\u00e7e\u011fi Festivali, bug\u00fcn yo\u011fun bir kat\u0131l\u0131mla ba\u015flad\u0131. Festival kapsam\u0131nda il\u00e7e genelinde birbirinden farkl\u0131 etkinliklerin d\u00fczenlenmesi beklenirken, 4 g\u00fcn s\u00fcrecek festivalin ilk g\u00fcn\u00fc \u00e7e\u015fitli etkinliklerle misafirlerine kap\u0131lar\u0131n\u0131 a\u00e7t\u0131. Dat\u00e7a Merkez, Re\u015fadiye ve Palamutb\u00fck\u00fc\u2019nde konserlerden at\u00f6lyelere, yar\u0131\u015fmalardan sergilere kadar geni\u015f bir yelpazede ger\u00e7ekle\u015ftirilecek etkinliklerle festival, k\u00fclt\u00fcr, sanat ve do\u011fay\u0131 bir araya getirecek. Bu y\u0131l, festivalin ana temas\u0131 olan badem \u00e7i\u00e7ekleri, bahar\u0131n habercisi olarak Dat\u00e7a\u2019n\u0131n e\u015fsiz co\u011frafyas\u0131n\u0131 ve yerel de\u011ferlerini t\u00fcm ziyaret\u00e7ilerine sunacak. Yo\u011fun bir kat\u0131l\u0131mla ba\u015flayan festivalin ilk g\u00fcn\u00fcnden itibaren vatanda\u015flar, caddeye kurulan stantlardan al\u0131\u015fveri\u015f yapabilecekler. Bir yandan d\u00fczenlenecek etkinlikler ve g\u00f6sterilerle ziyaret\u00e7ilerini a\u011f\u0131rlayacak olan festivalin yar\u0131n protokol\u00fcn de kat\u0131laca\u011f\u0131 kortej y\u00fcr\u00fcy\u00fc\u015f\u00fc ile resmi a\u00e7\u0131l\u0131\u015f\u0131 ger\u00e7ekle\u015ftirilecek. Protokol\u00fcn yan\u0131 s\u0131ra \u00e7ok say\u0131da vatanda\u015f\u0131n da kat\u0131lmas\u0131 beklenen festivalin kortej y\u00fcr\u00fcy\u00fc\u015f\u00fc Cumhuriyet Meydan\u0131\u2019nda bitecek.<br \/><\/p>\n","protected":false},"excerpt":{"rendered":"<p>Mu\u011fla\u2019n\u0131n Dat\u00e7a il\u00e7esinde ger\u00e7ekle\u015ftirilen Geleneksel Dat\u00e7a Badem \u00c7i\u00e7e\u011fi Festivali, yo\u011fun bir kat\u0131l\u0131mla ba\u015flad\u0131. Dat\u00e7a\u2019da geleneksel hale gelen ve 13-16 \u015eubat tarihleri aras\u0131nda ger\u00e7ekle\u015ftirilecek olan Badem \u00c7i\u00e7e\u011fi Festivali, bug\u00fcn yo\u011fun bir kat\u0131l\u0131mla ba\u015flad\u0131. Festival kapsam\u0131nda il\u00e7e genelinde birbirinden farkl\u0131 etkinliklerin d\u00fczenlenmesi beklenirken, 4 g\u00fcn s\u00fcrecek festivalin ilk g\u00fcn\u00fc \u00e7e\u015fitli etkinliklerle misafirlerine kap\u0131lar\u0131n\u0131 a\u00e7t\u0131. Dat\u00e7a Merkez, Re\u015fadiye&#8230;<\/p>\n","protected":false},"author":1,"featured_media":18660,"comment_status":"open","ping_status":"open","sticky":false,"template":"","format":"standard","meta":{"_crdt_document":"","footnotes":""},"categories":[1],"tags":[],"class_list":["post-18659","post","type-post","status-publish","format-standard","has-post-thumbnail","hentry","category-guncel"],"_links":{"self":[{"href":"https:\/\/www.egemtv.com\/index.php?rest_route=\/wp\/v2\/posts\/18659","targetHints":{"allow":["GET"]}}],"collection":[{"href":"https:\/\/www.egemtv.com\/index.php?rest_route=\/wp\/v2\/posts"}],"about":[{"href":"https:\/\/www.egemtv.com\/index.php?rest_route=\/wp\/v2\/types\/post"}],"author":[{"embeddable":true,"href":"https:\/\/www.egemtv.com\/index.php?rest_route=\/wp\/v2\/users\/1"}],"replies":[{"embeddable":true,"href":"https:\/\/www.egemtv.com\/index.php?rest_route=%2Fwp%2Fv2%2Fcomments&post=18659"}],"version-history":[{"count":1,"href":"https:\/\/www.egemtv.com\/index.php?rest_route=\/wp\/v2\/posts\/18659\/revisions"}],"predecessor-version":[{"id":18661,"href":"https:\/\/www.egemtv.com\/index.php?rest_route=\/wp\/v2\/posts\/18659\/revisions\/18661"}],"wp:featuredmedia":[{"embeddable":true,"href":"https:\/\/www.egemtv.com\/index.php?rest_route=\/wp\/v2\/media\/18660"}],"wp:attachment":[{"href":"https:\/\/www.egemtv.com\/index.php?rest_route=%2Fwp%2Fv2%2Fmedia&parent=18659"}],"wp:term":[{"taxonomy":"category","embeddable":true,"href":"https:\/\/www.egemtv.com\/index.php?rest_route=%2Fwp%2Fv2%2Fcategories&post=18659"},{"taxonomy":"post_tag","embeddable":true,"href":"https:\/\/www.egemtv.com\/index.php?rest_route=%2Fwp%2Fv2%2Ftags&post=18659"}],"curies":[{"name":"wp","href":"https:\/\/api.w.org\/{rel}","templated":true}]}}