{"id":18655,"date":"2025-02-13T17:44:11","date_gmt":"2025-02-13T14:44:11","guid":{"rendered":"https:\/\/www.egemtv.com\/?p=18655"},"modified":"2025-02-13T17:44:16","modified_gmt":"2025-02-13T14:44:16","slug":"fethiyede-73-yasindaki-kadinin-organlari-3-hastaya-umut-oldu-2","status":"publish","type":"post","link":"https:\/\/www.egemtv.com\/?p=18655","title":{"rendered":"Fethiye\u2019de 73 ya\u015f\u0131ndaki kad\u0131n\u0131n organlar\u0131 3 hastaya umut oldu"},"content":{"rendered":"<p>Mu\u011fla\u2019n\u0131n Fethiye il\u00e7esinde beyin \u00f6l\u00fcm\u00fc ger\u00e7ekle\u015fen kad\u0131n\u0131n organlar\u0131, 3 ki\u015fiye umut oldu. Organlar\u0131 ba\u011f\u0131\u015flanan 73 ya\u015f\u0131ndaki iki \u00e7ocuk annesi T\u00fcrkan Demirta\u015f\u2019\u0131n cenaze merasimine yo\u011fun kat\u0131l\u0131m oldu.<br \/>\n<br \/>Fethiye\u2019de ya\u015fayan ve yakla\u015f\u0131k bir ay \u00f6nce beyin kanamas\u0131 nedeniyle Fethiye\u2019deki \u00f6zel bir hastaneye kald\u0131r\u0131lan emekli stilist ve modac\u0131 T\u00fcrkan Demirta\u015f\u2019\u0131n beyin \u00f6l\u00fcm\u00fc ger\u00e7ekle\u015fti. Daha \u00f6nce organlar\u0131n\u0131 ba\u011f\u0131\u015flad\u0131\u011f\u0131 \u00f6\u011frenilen Demirta\u015f\u2019\u0131n karaci\u011feri ve iki b\u00f6bre\u011fi, \u0130zmir Ac\u0131badem Hastanesi\u2019nden gelen ekip taraf\u0131ndan al\u0131narak \u0130zmir\u2019e g\u00f6t\u00fcr\u00fcld\u00fc ve \u00fc\u00e7 hastaya umut oldu.<br \/>\n<br \/>T\u00fcrkan Demirta\u015f\u2019\u0131n Fethiye Merkez Yeni Camii\u2019ndeki cenaze merasimine ailesinin yan\u0131 s\u0131ra protokol \u00fcyeleri ve \u00e7ok say\u0131da vatanda\u015f kat\u0131ld\u0131. Demirta\u015f i\u00e7in helallik al\u0131nmas\u0131n\u0131n ard\u0131ndan cenazesi, belediyeye ait cenaze arac\u0131yla Ta\u015fyaka \u015eehir Mezarl\u0131\u011f\u0131\u2019na g\u00f6t\u00fcr\u00fclerek g\u00f6zya\u015flar\u0131 ve dualarla topra\u011fa verildi.<br \/>\n<br \/>T\u00fcrkan Demirta\u015f\u2019\u0131n k\u0131zlar\u0131 Funda ve Fulya Demirta\u015f, &#8220;Annemizi kaybettik, \u00e7ok \u00fczg\u00fcn\u00fcz. Annemizin organlar\u0131n\u0131n 3 ki\u015fiye hayat olmas\u0131yla mutlu olduk. Onun organlar\u0131 \u015fimdi 3 ki\u015fide ya\u015f\u0131yor. Herkesi organ ba\u011f\u0131\u015f\u0131na davet ediyoruz&#8221; ifadelerini kulland\u0131lar.<br \/><\/p>\n","protected":false},"excerpt":{"rendered":"<p>Mu\u011fla\u2019n\u0131n Fethiye il\u00e7esinde beyin \u00f6l\u00fcm\u00fc ger\u00e7ekle\u015fen kad\u0131n\u0131n organlar\u0131, 3 ki\u015fiye umut oldu. Organlar\u0131 ba\u011f\u0131\u015flanan 73 ya\u015f\u0131ndaki iki \u00e7ocuk annesi T\u00fcrkan Demirta\u015f\u2019\u0131n cenaze merasimine yo\u011fun kat\u0131l\u0131m oldu. Fethiye\u2019de ya\u015fayan ve yakla\u015f\u0131k bir ay \u00f6nce beyin kanamas\u0131 nedeniyle Fethiye\u2019deki \u00f6zel bir hastaneye kald\u0131r\u0131lan emekli stilist ve modac\u0131 T\u00fcrkan Demirta\u015f\u2019\u0131n beyin \u00f6l\u00fcm\u00fc ger\u00e7ekle\u015fti. Daha \u00f6nce organlar\u0131n\u0131 ba\u011f\u0131\u015flad\u0131\u011f\u0131 \u00f6\u011frenilen&#8230;<\/p>\n","protected":false},"author":1,"featured_media":18656,"comment_status":"open","ping_status":"open","sticky":false,"template":"","format":"standard","meta":{"_crdt_document":"","footnotes":""},"categories":[2],"tags":[],"class_list":["post-18655","post","type-post","status-publish","format-standard","has-post-thumbnail","hentry","category-saglik"],"_links":{"self":[{"href":"https:\/\/www.egemtv.com\/index.php?rest_route=\/wp\/v2\/posts\/18655","targetHints":{"allow":["GET"]}}],"collection":[{"href":"https:\/\/www.egemtv.com\/index.php?rest_route=\/wp\/v2\/posts"}],"about":[{"href":"https:\/\/www.egemtv.com\/index.php?rest_route=\/wp\/v2\/types\/post"}],"author":[{"embeddable":true,"href":"https:\/\/www.egemtv.com\/index.php?rest_route=\/wp\/v2\/users\/1"}],"replies":[{"embeddable":true,"href":"https:\/\/www.egemtv.com\/index.php?rest_route=%2Fwp%2Fv2%2Fcomments&post=18655"}],"version-history":[{"count":1,"href":"https:\/\/www.egemtv.com\/index.php?rest_route=\/wp\/v2\/posts\/18655\/revisions"}],"predecessor-version":[{"id":18658,"href":"https:\/\/www.egemtv.com\/index.php?rest_route=\/wp\/v2\/posts\/18655\/revisions\/18658"}],"wp:featuredmedia":[{"embeddable":true,"href":"https:\/\/www.egemtv.com\/index.php?rest_route=\/wp\/v2\/media\/18656"}],"wp:attachment":[{"href":"https:\/\/www.egemtv.com\/index.php?rest_route=%2Fwp%2Fv2%2Fmedia&parent=18655"}],"wp:term":[{"taxonomy":"category","embeddable":true,"href":"https:\/\/www.egemtv.com\/index.php?rest_route=%2Fwp%2Fv2%2Fcategories&post=18655"},{"taxonomy":"post_tag","embeddable":true,"href":"https:\/\/www.egemtv.com\/index.php?rest_route=%2Fwp%2Fv2%2Ftags&post=18655"}],"curies":[{"name":"wp","href":"https:\/\/api.w.org\/{rel}","templated":true}]}}