{"id":1865,"date":"2025-01-03T12:29:50","date_gmt":"2025-01-03T09:29:50","guid":{"rendered":"https:\/\/www.egemtv.com\/?p=1865"},"modified":"2025-01-03T12:29:58","modified_gmt":"2025-01-03T09:29:58","slug":"yerkoyde-suphelenilen-aractan-fisek-ve-kilic-cikti","status":"publish","type":"post","link":"https:\/\/www.egemtv.com\/?p=1865","title":{"rendered":"Yerk\u00f6y\u2019de \u015f\u00fcphelenilen ara\u00e7tan fi\u015fek ve k\u0131l\u0131\u00e7 \u00e7\u0131kt\u0131"},"content":{"rendered":"<p>Yozgat\u2019\u0131n Yerk\u00f6y il\u00e7esinde Jandarma ekiplerinin \u015f\u00fcphelenerek durdurdu\u011fu ara\u00e7tan fi\u015fek ve k\u0131l\u0131\u00e7 \u00e7\u0131kt\u0131.<br \/>\n<br \/>Jandarman\u0131n arama yapt\u0131\u011f\u0131 E.K. isimli \u015fahs\u0131n \u00fczerinde ve ara\u00e7ta yap\u0131lan aramada 7.65 mm \u00e7ap\u0131nda 6 adet fi\u015fek ve 55 cm uzunlu\u011funda bir adet k\u0131l\u0131\u00e7 ele ge\u00e7irildi.<br \/>\n<br \/>Edinilen bilgiye g\u00f6re \u015fah\u0131s g\u00f6zalt\u0131na al\u0131nd\u0131 ve hakk\u0131ndaki adli i\u015flemler s\u00fcr\u00fcyor.<br \/><\/p>\n","protected":false},"excerpt":{"rendered":"<p>Yozgat\u2019\u0131n Yerk\u00f6y il\u00e7esinde Jandarma ekiplerinin \u015f\u00fcphelenerek durdurdu\u011fu ara\u00e7tan fi\u015fek ve k\u0131l\u0131\u00e7 \u00e7\u0131kt\u0131. Jandarman\u0131n arama yapt\u0131\u011f\u0131 E.K. isimli \u015fahs\u0131n \u00fczerinde ve ara\u00e7ta yap\u0131lan aramada 7.65 mm \u00e7ap\u0131nda 6 adet fi\u015fek ve 55 cm uzunlu\u011funda bir adet k\u0131l\u0131\u00e7 ele ge\u00e7irildi. Edinilen bilgiye g\u00f6re \u015fah\u0131s g\u00f6zalt\u0131na al\u0131nd\u0131 ve hakk\u0131ndaki adli i\u015flemler s\u00fcr\u00fcyor.<\/p>\n","protected":false},"author":1,"featured_media":1866,"comment_status":"open","ping_status":"open","sticky":false,"template":"","format":"standard","meta":{"_crdt_document":"","footnotes":""},"categories":[5],"tags":[],"class_list":["post-1865","post","type-post","status-publish","format-standard","has-post-thumbnail","hentry","category-asayis"],"_links":{"self":[{"href":"https:\/\/www.egemtv.com\/index.php?rest_route=\/wp\/v2\/posts\/1865","targetHints":{"allow":["GET"]}}],"collection":[{"href":"https:\/\/www.egemtv.com\/index.php?rest_route=\/wp\/v2\/posts"}],"about":[{"href":"https:\/\/www.egemtv.com\/index.php?rest_route=\/wp\/v2\/types\/post"}],"author":[{"embeddable":true,"href":"https:\/\/www.egemtv.com\/index.php?rest_route=\/wp\/v2\/users\/1"}],"replies":[{"embeddable":true,"href":"https:\/\/www.egemtv.com\/index.php?rest_route=%2Fwp%2Fv2%2Fcomments&post=1865"}],"version-history":[{"count":1,"href":"https:\/\/www.egemtv.com\/index.php?rest_route=\/wp\/v2\/posts\/1865\/revisions"}],"predecessor-version":[{"id":1867,"href":"https:\/\/www.egemtv.com\/index.php?rest_route=\/wp\/v2\/posts\/1865\/revisions\/1867"}],"wp:featuredmedia":[{"embeddable":true,"href":"https:\/\/www.egemtv.com\/index.php?rest_route=\/wp\/v2\/media\/1866"}],"wp:attachment":[{"href":"https:\/\/www.egemtv.com\/index.php?rest_route=%2Fwp%2Fv2%2Fmedia&parent=1865"}],"wp:term":[{"taxonomy":"category","embeddable":true,"href":"https:\/\/www.egemtv.com\/index.php?rest_route=%2Fwp%2Fv2%2Fcategories&post=1865"},{"taxonomy":"post_tag","embeddable":true,"href":"https:\/\/www.egemtv.com\/index.php?rest_route=%2Fwp%2Fv2%2Ftags&post=1865"}],"curies":[{"name":"wp","href":"https:\/\/api.w.org\/{rel}","templated":true}]}}