{"id":18649,"date":"2025-02-13T17:44:06","date_gmt":"2025-02-13T14:44:06","guid":{"rendered":"https:\/\/www.egemtv.com\/?p=18649"},"modified":"2025-02-13T17:44:10","modified_gmt":"2025-02-13T14:44:10","slug":"seferihisardaki-yangin-itfaiye-ve-mahallelinin-yardimlasmasiyla-sonduruldu-2","status":"publish","type":"post","link":"https:\/\/www.egemtv.com\/?p=18649","title":{"rendered":"Seferihisar\u2019daki yang\u0131n, itfaiye ve mahallelinin yard\u0131mla\u015fmas\u0131yla s\u00f6nd\u00fcr\u00fcld\u00fc"},"content":{"rendered":"<p>\u0130zmir\u2019in Seferihisar il\u00e7esine ba\u011fl\u0131 Turgut Mahallesi\u2019nde bulunan bir damda yang\u0131n \u00e7\u0131kt\u0131. \u0130tfaiye ile mahallelinin yard\u0131mla\u015fmas\u0131yla yang\u0131n k\u0131sa bir s\u00fcre i\u00e7erisinde s\u00f6nd\u00fcr\u00fcld\u00fc.<br \/>\n<br \/>Edinilen bilgiye g\u00f6re; mahalle muhtar\u0131n\u0131n \u00f6nc\u00fcl\u00fc\u011f\u00fcndeki mahallenin itfaiye g\u00f6n\u00fcll\u00fcleri, yang\u0131n tankerleriyle ilk m\u00fcdahaleyi yaparak yang\u0131n\u0131n b\u00fcy\u00fcy\u00fcp \u00e7evreye yay\u0131lmas\u0131n\u0131 engelledi. Olay yerine gelen \u0130zmir B\u00fcy\u00fck\u015fehir Belediyesi \u0130tfaiye Ekipleri de yang\u0131na araz\u00f6z ve su tankerleriyle m\u00fcdahale ederek tamamen kontrol alt\u0131na ald\u0131. Yang\u0131ndan dolay\u0131 can kayb\u0131 veya yaralanma ya\u015fanmad\u0131\u011f\u0131 \u00f6\u011frenildi.<br \/><\/p>\n","protected":false},"excerpt":{"rendered":"<p>\u0130zmir\u2019in Seferihisar il\u00e7esine ba\u011fl\u0131 Turgut Mahallesi\u2019nde bulunan bir damda yang\u0131n \u00e7\u0131kt\u0131. \u0130tfaiye ile mahallelinin yard\u0131mla\u015fmas\u0131yla yang\u0131n k\u0131sa bir s\u00fcre i\u00e7erisinde s\u00f6nd\u00fcr\u00fcld\u00fc. Edinilen bilgiye g\u00f6re; mahalle muhtar\u0131n\u0131n \u00f6nc\u00fcl\u00fc\u011f\u00fcndeki mahallenin itfaiye g\u00f6n\u00fcll\u00fcleri, yang\u0131n tankerleriyle ilk m\u00fcdahaleyi yaparak yang\u0131n\u0131n b\u00fcy\u00fcy\u00fcp \u00e7evreye yay\u0131lmas\u0131n\u0131 engelledi. Olay yerine gelen \u0130zmir B\u00fcy\u00fck\u015fehir Belediyesi \u0130tfaiye Ekipleri de yang\u0131na araz\u00f6z ve su tankerleriyle m\u00fcdahale&#8230;<\/p>\n","protected":false},"author":1,"featured_media":18650,"comment_status":"open","ping_status":"open","sticky":false,"template":"","format":"standard","meta":{"_crdt_document":"","footnotes":""},"categories":[5],"tags":[],"class_list":["post-18649","post","type-post","status-publish","format-standard","has-post-thumbnail","hentry","category-asayis"],"_links":{"self":[{"href":"https:\/\/www.egemtv.com\/index.php?rest_route=\/wp\/v2\/posts\/18649","targetHints":{"allow":["GET"]}}],"collection":[{"href":"https:\/\/www.egemtv.com\/index.php?rest_route=\/wp\/v2\/posts"}],"about":[{"href":"https:\/\/www.egemtv.com\/index.php?rest_route=\/wp\/v2\/types\/post"}],"author":[{"embeddable":true,"href":"https:\/\/www.egemtv.com\/index.php?rest_route=\/wp\/v2\/users\/1"}],"replies":[{"embeddable":true,"href":"https:\/\/www.egemtv.com\/index.php?rest_route=%2Fwp%2Fv2%2Fcomments&post=18649"}],"version-history":[{"count":1,"href":"https:\/\/www.egemtv.com\/index.php?rest_route=\/wp\/v2\/posts\/18649\/revisions"}],"predecessor-version":[{"id":18654,"href":"https:\/\/www.egemtv.com\/index.php?rest_route=\/wp\/v2\/posts\/18649\/revisions\/18654"}],"wp:featuredmedia":[{"embeddable":true,"href":"https:\/\/www.egemtv.com\/index.php?rest_route=\/wp\/v2\/media\/18650"}],"wp:attachment":[{"href":"https:\/\/www.egemtv.com\/index.php?rest_route=%2Fwp%2Fv2%2Fmedia&parent=18649"}],"wp:term":[{"taxonomy":"category","embeddable":true,"href":"https:\/\/www.egemtv.com\/index.php?rest_route=%2Fwp%2Fv2%2Fcategories&post=18649"},{"taxonomy":"post_tag","embeddable":true,"href":"https:\/\/www.egemtv.com\/index.php?rest_route=%2Fwp%2Fv2%2Ftags&post=18649"}],"curies":[{"name":"wp","href":"https:\/\/api.w.org\/{rel}","templated":true}]}}