{"id":18641,"date":"2025-02-13T17:26:08","date_gmt":"2025-02-13T14:26:08","guid":{"rendered":"https:\/\/www.egemtv.com\/?p=18641"},"modified":"2025-02-13T17:26:14","modified_gmt":"2025-02-13T14:26:14","slug":"baskan-aras-milasta-inceleme-ve-ziyaretlerde-bulundu","status":"publish","type":"post","link":"https:\/\/www.egemtv.com\/?p=18641","title":{"rendered":"Ba\u015fkan Aras Milas\u2019ta inceleme ve ziyaretlerde bulundu"},"content":{"rendered":"<p>Mu\u011fla B\u00fcy\u00fck\u015fehir Belediye Ba\u015fkan\u0131 Ahmet Aras\u2019\u0131n Milas Belediye Ba\u015fkan\u0131 Fevzi Topuz\u2019u ziyaretiyle ba\u015flayan program, Milas Kaymakaml\u0131\u011f\u0131, T\u00fcrkiye Muharip Gaziler Derne\u011fi Milas \u015eubesi,  b\u00f6lgedeki sivil toplum kurulu\u015flar\u0131 (STK) ve oda ba\u015fkanlar\u0131 ziyaretleri ile devam etti.<br \/>\n<br \/>Ba\u015fkan Aras, &#8220;Milas i\u00e7in kal\u0131c\u0131 \u00e7\u00f6z\u00fcmler \u00fcretiyoruz&#8221;<br \/>\n<br \/>Milas Belediye Ba\u015fkan\u0131 Fevzi Topuz\u2019u ziyaretinde konu\u015fan Ba\u015fkan Aras, il\u00e7eye y\u00f6nelik projeler hakk\u0131nda bilgi verdi. Ba\u015fkan Aras, &#8220;Bug\u00fcn, B\u00fcy\u00fck\u015fehir Belediyemizin Milas\u2019ta ger\u00e7ekle\u015ftirdi\u011fi yat\u0131r\u0131mlar\u0131 yerinde incelemek amac\u0131yla ziyaretlerde bulunduk. Milas Belediyesi\u2019nin b\u00fcy\u00fck bir gayretle \u00e7al\u0131\u015ft\u0131\u011f\u0131n\u0131 g\u00f6r\u00fcyoruz ve bu uyumlu i\u015f birli\u011fi sayesinde il\u00e7edeki sorunlara kal\u0131c\u0131 \u00e7\u00f6z\u00fcmler \u00fcretmeyi ama\u00e7l\u0131yoruz&#8221; dedi.<br \/>\n<br \/>Aras, &#8220;\u00d6nceliklerimizi belirleyerek \u00e7al\u0131\u015f\u0131yoruz&#8221;<br \/>\n<br \/>Milas\u2019\u0131n tar\u0131m, sanayi ve nitelikli insan g\u00fcc\u00fc bak\u0131m\u0131ndan \u00f6nemli bir konumda oldu\u011funu belirten Ba\u015fkan Aras, &#8220;Milas, yaz ve k\u0131\u015f aylar\u0131ndaki n\u00fcfus fark\u0131ndan kaynaklanan altyap\u0131 ve ula\u015f\u0131m sorunlar\u0131yla kar\u015f\u0131 kar\u015f\u0131ya. Bu sorunlar\u0131 \u00e7\u00f6zmek i\u00e7in belediyemizle ve di\u011fer payda\u015flar\u0131m\u0131zla ortak \u00e7al\u0131\u015fmalar y\u00fcr\u00fct\u00fcyoruz. \u00d6nceliklerimize g\u00f6re bir program belirledik ve b\u00fct\u00e7emizi bu do\u011frultuda planlad\u0131k.&#8221; diye konu\u015ftu.<br \/>\n<br \/>Ticaret Odas\u0131 ziyaretinde milas\u2019\u0131n \u00f6ncelikleri ele al\u0131nd\u0131<br \/>\n<br \/>Milas Ticaret ve Sanayi Odas\u0131\u2019n\u0131 (M\u0130TSO) da ziyaret eden Ba\u015fkan Aras, burada yetkililerle bir araya gelerek b\u00f6lgenin ekonomik dinamiklerini de\u011ferlendirdi. M\u0130TSO Ba\u015fkan\u0131 Re\u015fit \u00d6zer, ziyaretten duydu\u011fu memnuniyeti dile getirerek Milas\u2019a y\u00f6nelik baz\u0131 taleplerini iletti. \u00d6zellikle Milas\u2019a ait zeytin ve zeytinya\u011f\u0131n\u0131n Avrupa Birli\u011fi co\u011frafi i\u015faretli olarak pazarlanmas\u0131 gerekti\u011fini vurgulayan \u00d6zer, ayr\u0131ca il\u00e7ede bir m\u00fczeye, fuar alan\u0131na ihtiya\u00e7 duyuldu\u011funu ve tarihi evlerin restore edilmesi taleplerini belirtti.<br \/>\n<br \/>Ba\u015fkan Aras, dile getirilen talepleri dikkate ald\u0131klar\u0131n\u0131 ifade ederek, &#8220;Milas\u2019\u0131n \u00f6neminin fark\u0131nday\u0131z ve il\u00e7emiz i\u00e7in stratejik bir plan olu\u015fturduk. Yat\u0131r\u0131m planlar\u0131m\u0131z\u0131 b\u00fct\u00e7emiz do\u011frultusunda hayata ge\u00e7iriyoruz. \u00d6zellikle fuar alan\u0131 konusunda olabilecek yerleri de\u011ferlendirece\u011fiz.&#8221; dedi.<br \/>\n<br \/>Ayr\u0131ca altyap\u0131 ve kanalizasyon konular\u0131na da de\u011finen Ba\u015fkan Aras, &#8220;Mu\u011fla\u2019da en b\u00fcy\u00fck sorunlardan biri altyap\u0131, su ve kanalizasyon hizmetleridir. Bu sorunlar\u0131 \u00e7\u00f6zmek i\u00e7in MUSK\u0130 b\u00fcnyesinde g\u00fc\u00e7l\u00fc bir yap\u0131lanma olu\u015fturmak ad\u0131na \u00e7al\u0131\u015fmalar\u0131m\u0131z devam ediyor.&#8221; diye konu\u015ftu.<br \/>\n<br \/>Ba\u015fkan Aras, &#8220;Sizlerle gurur duyuyoruz&#8221;<br \/>\n<br \/>T\u00fcrkiye Muharip Gaziler Derne\u011fi Milas \u015eubesi ziyaretinde ise gazilerle bir araya gelen Ba\u015fkan Aras, &#8220;Sizlerle gurur duyuyoruz. Bu vatan\u0131n ayakta kalmas\u0131nda sizin eme\u011finiz b\u00fcy\u00fck. Milletimiz, kahraman gazilerimizin fedak\u00e2rl\u0131klar\u0131yla her zaman \u00f6v\u00fcnecektir&#8221; dedi.<br \/>\n<br \/>G\u00fcll\u00fck Mahallesi\u2019nde halkla bulu\u015fma<br \/>\n<br \/>Ba\u015fkan Aras, Milas il\u00e7esine ba\u011fl\u0131 G\u00fcll\u00fck Mahallesi\u2019nde de muhtarlar ve mahalle sakinleriyle bir araya geldi. Toplant\u0131da, b\u00f6lgenin su, kanalizasyon ve ar\u0131tma tesisleriyle ilgili sorunlar ele al\u0131n\u0131rken, G\u00fcll\u00fck\u2019e yap\u0131lmas\u0131 planlanan marina projesinin muhtemel etkileri de de\u011ferlendirildi.<br \/>\n<br \/>Vatanda\u015flar\u0131n taleplerini dinleyen Ba\u015fkan Aras, G\u00fcll\u00fck\u2019\u00fcn \u00f6ncelikli ihtiya\u00e7lar\u0131n\u0131 g\u00f6z \u00f6n\u00fcnde bulundurarak ilgili kurumlarla i\u015f birli\u011fi i\u00e7inde \u00e7\u00f6z\u00fcm \u00fcretmeye devam edeceklerini ifade etti.<br \/>\n<br \/>Mu\u011fla B\u00fcy\u00fck\u015fehir Belediyesi\u2019nin Milas\u2019ta s\u00fcrd\u00fcrd\u00fc\u011f\u00fc yat\u0131r\u0131mlar\u0131 yerinde inceleyen Ba\u015fkan Ahmet Aras, il\u00e7e genelinde ger\u00e7ekle\u015ftirilen projelerin h\u0131zland\u0131r\u0131lmas\u0131 i\u00e7in \u00e7al\u0131\u015fmalar\u0131n devam edece\u011fini belirtti.<br \/>\n<br \/>Aras, &#8220;Deprem ve yang\u0131n g\u00fcvenli\u011fi konusunda t\u00fcm \u00f6nlemleri al\u0131yoruz&#8221;<br \/>\n<br \/>Ziyaretler s\u0131ras\u0131nda gazetecilerin Ege B\u00f6lgesi\u2019nde meydana gelen depremlerle ilgili sorular\u0131n\u0131 yan\u0131tlayan Ba\u015fkan Aras, bu konunun b\u00fcy\u00fck\u015fehir belediyeleri d\u00fczeyinde ele al\u0131nd\u0131\u011f\u0131n\u0131 belirtti. &#8220;Ege\u2019de meydana gelen sismik hareketlilik nedeniyle be\u015f b\u00fcy\u00fck\u015fehir belediye ba\u015fkan\u0131 olarak bir araya geldik ve deprem haz\u0131rl\u0131k \u00e7al\u0131\u015fmalar\u0131m\u0131z\u0131 de\u011ferlendirdik. Ayr\u0131ca, Mu\u011fla Valili\u011fi\u2019nin himayesinde AFAD yetkilileriyle de bir toplant\u0131 ger\u00e7ekle\u015ftirdik. Toplant\u0131da  bilim insanlar\u0131, Santorini\u2019de ya\u015fanabilecek bir depremin b\u00f6lgemiz i\u00e7in y\u0131k\u0131c\u0131 bir etki olu\u015fturmayaca\u011f\u0131n\u0131 belirtiyor. Dolay\u0131s\u0131yla b\u00f6lgemiz i\u00e7in ciddi bir risk s\u00f6z konusu de\u011fil. Yurt d\u0131\u015f\u0131ndan ve yurt i\u00e7inden gelecek misafirlerimiz g\u00fcvenle b\u00f6lgemizi ziyaret edebilir&#8221; dedi.<br \/>\n<br \/>Son g\u00fcnlerde g\u00fcndeme gelen otel yang\u0131nlar\u0131 konusuna da de\u011finen Ba\u015fkan Aras, b\u00f6lgedeki t\u00fcm turizm tesislerinin il\u00e7e belediyeleri ve itfaiye ekipleri taraf\u0131ndan titizlikle denetlendi\u011fini ifade etti.<br \/><\/p>\n","protected":false},"excerpt":{"rendered":"<p>Mu\u011fla B\u00fcy\u00fck\u015fehir Belediye Ba\u015fkan\u0131 Ahmet Aras\u2019\u0131n Milas Belediye Ba\u015fkan\u0131 Fevzi Topuz\u2019u ziyaretiyle ba\u015flayan program, Milas Kaymakaml\u0131\u011f\u0131, T\u00fcrkiye Muharip Gaziler Derne\u011fi Milas \u015eubesi, b\u00f6lgedeki sivil toplum kurulu\u015flar\u0131 (STK) ve oda ba\u015fkanlar\u0131 ziyaretleri ile devam etti. Ba\u015fkan Aras, &#8220;Milas i\u00e7in kal\u0131c\u0131 \u00e7\u00f6z\u00fcmler \u00fcretiyoruz&#8221; Milas Belediye Ba\u015fkan\u0131 Fevzi Topuz\u2019u ziyaretinde konu\u015fan Ba\u015fkan Aras, il\u00e7eye y\u00f6nelik projeler hakk\u0131nda bilgi&#8230;<\/p>\n","protected":false},"author":1,"featured_media":18642,"comment_status":"open","ping_status":"open","sticky":false,"template":"","format":"standard","meta":{"_crdt_document":"","footnotes":""},"categories":[127],"tags":[],"class_list":["post-18641","post","type-post","status-publish","format-standard","has-post-thumbnail","hentry","category-siyaset"],"_links":{"self":[{"href":"https:\/\/www.egemtv.com\/index.php?rest_route=\/wp\/v2\/posts\/18641","targetHints":{"allow":["GET"]}}],"collection":[{"href":"https:\/\/www.egemtv.com\/index.php?rest_route=\/wp\/v2\/posts"}],"about":[{"href":"https:\/\/www.egemtv.com\/index.php?rest_route=\/wp\/v2\/types\/post"}],"author":[{"embeddable":true,"href":"https:\/\/www.egemtv.com\/index.php?rest_route=\/wp\/v2\/users\/1"}],"replies":[{"embeddable":true,"href":"https:\/\/www.egemtv.com\/index.php?rest_route=%2Fwp%2Fv2%2Fcomments&post=18641"}],"version-history":[{"count":1,"href":"https:\/\/www.egemtv.com\/index.php?rest_route=\/wp\/v2\/posts\/18641\/revisions"}],"predecessor-version":[{"id":18643,"href":"https:\/\/www.egemtv.com\/index.php?rest_route=\/wp\/v2\/posts\/18641\/revisions\/18643"}],"wp:featuredmedia":[{"embeddable":true,"href":"https:\/\/www.egemtv.com\/index.php?rest_route=\/wp\/v2\/media\/18642"}],"wp:attachment":[{"href":"https:\/\/www.egemtv.com\/index.php?rest_route=%2Fwp%2Fv2%2Fmedia&parent=18641"}],"wp:term":[{"taxonomy":"category","embeddable":true,"href":"https:\/\/www.egemtv.com\/index.php?rest_route=%2Fwp%2Fv2%2Fcategories&post=18641"},{"taxonomy":"post_tag","embeddable":true,"href":"https:\/\/www.egemtv.com\/index.php?rest_route=%2Fwp%2Fv2%2Ftags&post=18641"}],"curies":[{"name":"wp","href":"https:\/\/api.w.org\/{rel}","templated":true}]}}