{"id":18638,"date":"2025-02-13T17:10:35","date_gmt":"2025-02-13T14:10:35","guid":{"rendered":"https:\/\/www.egemtv.com\/?p=18638"},"modified":"2025-02-13T17:10:40","modified_gmt":"2025-02-13T14:10:40","slug":"altyapilar-icin-sportif-yetenek-taramasinda-basladi","status":"publish","type":"post","link":"https:\/\/www.egemtv.com\/?p=18638","title":{"rendered":"Altyap\u0131lar i\u00e7in sportif yetenek taramas\u0131nda ba\u015flad\u0131"},"content":{"rendered":"<p>Sportif Yetenek Taramas\u0131 ve Spora Y\u00f6nlendirme Projesinde 2025 y\u0131l\u0131 \u00e7al\u0131\u015fmalar\u0131na start verildi. \u0130lkokul \u00fc\u00e7\u00fcnc\u00fc s\u0131n\u0131fta okuyan Denizli\u2019deki t\u00fcm \u00f6\u011frencilerin yetenekleri bilimsel ve sportif testlerle \u00f6l\u00e7\u00fclecek.<\/p>\n<p>T\u00fcrk Spor tarihinin en b\u00fcy\u00fck alt yap\u0131 projesi olarak g\u00f6r\u00fclen Sportif Yetenek Taramas\u0131 ve Spora Y\u00f6nlendirme Program\u0131nda 2024-2025 E\u011fitim \u00d6\u011fretim d\u00f6nemi \u00e7al\u0131\u015fmalar\u0131 Merkezefendi il\u00e7esinde ba\u015flad\u0131. Gen\u00e7lik ve Spor Bakanl\u0131\u011f\u0131 ile Milli E\u011fitim Bakanl\u0131\u011f\u0131 aras\u0131nda yap\u0131lan protokolle 2018 y\u0131l\u0131nda hayata ge\u00e7irilen proje kapsam\u0131nda bug\u00fcne kadar yurt \u00e7ap\u0131nda y\u00fcz binlerce \u00f6\u011frenci yetenek taramalar\u0131ndan ge\u00e7ti.<\/p>\n<p>Denizli\u2019de 14 bin 798 \u00f6\u011frenci taramalardan ge\u00e7ecek<br \/>\n<br \/>Sportif Yetenek Taramas\u0131 \u00e7al\u0131\u015fmalar\u0131 Merkezefendi il\u00e7esinde \u00fc\u00e7\u00fcnc\u00fc s\u0131n\u0131fta e\u011fitim g\u00f6ren \u00f6\u011frencilerle \u00c7ok Ama\u00e7l\u0131 Spor Salonunda ba\u015flad\u0131. \u00d6\u011frencilerin boy-kilo, esneklik, oturma y\u00fcksekli\u011fi ve kula\u00e7 uzunlu\u011fu, dikey s\u0131\u00e7rama, el kavrama kuvveti, geriye sa\u011fl\u0131k topu atma, \u00e7abukluk-\u00e7eviklik ve 20 metre s\u00fcrat ko\u015fusu gibi alanlarda yetenekleri test ediliyor.<\/p>\n<p>&#8220;Spor altyap\u0131s\u0131 i\u00e7in \u00e7ok de\u011ferli bir proje&#8221;<br \/>\n<br \/>Sportif Yetenek Taramas\u0131 ve Spora Y\u00f6nlendirme Projesinin \u00fclkemizdeki spor altyap\u0131s\u0131n\u0131n sistemli ve sa\u011flam temeller \u00fczerinde y\u00fckselmesi i\u00e7in \u00e7ok de\u011ferli oldu\u011funu s\u00f6yleyen Gen\u00e7lik Spor \u0130l M\u00fcd\u00fcr\u00fc \u00d6mer \u0130lman, Milli E\u011fitim M\u00fcd\u00fcrl\u00fc\u011f\u00fc ile i\u015fbirli\u011fi halinde ba\u015far\u0131yla s\u00fcrd\u00fcr\u00fcld\u00fc\u011f\u00fcn\u00fc s\u00f6yledi. Yetenekli \u00f6\u011frencilerin k\u00fc\u00e7\u00fck ya\u015flarda ke\u015ffedilip do\u011fru spor dallar\u0131na y\u00f6nlendirilmesi olarak planlanan geni\u015f zamanl\u0131 projede \u00e7ok ciddi emekler oldu\u011funu s\u00f6yleyen \u0130lman, \u00fclkemizin spor altyap\u0131s\u0131 ile gelecekte Ayy\u0131ld\u0131zl\u0131 formay\u0131 ta\u015f\u0131yacak sporcular\u0131n yeti\u015ftirilece\u011fini s\u00f6zlerine ekledi.<\/p>\n<p>&#8220;\u00c7ocuklar\u0131m\u0131z\u0131n akademik ba\u015far\u0131lar\u0131n\u0131n yan\u0131nda sportif geli\u015fimlerini de \u00f6nemsiyoruz&#8221;<br \/>\n<br \/>Yetenek Taramas\u0131 Projesi hakk\u0131nda g\u00f6r\u00fc\u015flerini belirten \u0130l Milli E\u011fitim M\u00fcd\u00fcr\u00fc Dr. Emre \u00c7al\u0131\u015fkan, \u00fc\u00e7\u00fcnc\u00fc s\u0131n\u0131f \u00f6\u011frencilerinin uzman ki\u015filerce yeteneklerinin tespiti ve ayn\u0131 zamanda yetenekleri do\u011frultusunda do\u011fru spor bran\u015flar\u0131na y\u00f6nlendirme \u00e7al\u0131\u015fmalar\u0131n\u0131n yap\u0131ld\u0131\u011f\u0131n\u0131 s\u00f6yledi. \u00d6\u011frencilerin akademik ba\u015far\u0131lar\u0131n\u0131n yan\u0131s\u0131ra sportif geli\u015fimlerini de \u00e7ok \u00f6nemsediklerini belirten \u00c7al\u0131\u015fkan, ileride uluslararas\u0131 alanda Milli Formay\u0131 giyecek sporcular yeti\u015ftirilmesini hedeflediklerini kaydetti.<br \/><\/p>\n","protected":false},"excerpt":{"rendered":"<p>Sportif Yetenek Taramas\u0131 ve Spora Y\u00f6nlendirme Projesinde 2025 y\u0131l\u0131 \u00e7al\u0131\u015fmalar\u0131na start verildi. \u0130lkokul \u00fc\u00e7\u00fcnc\u00fc s\u0131n\u0131fta okuyan Denizli\u2019deki t\u00fcm \u00f6\u011frencilerin yetenekleri bilimsel ve sportif testlerle \u00f6l\u00e7\u00fclecek. T\u00fcrk Spor tarihinin en b\u00fcy\u00fck alt yap\u0131 projesi olarak g\u00f6r\u00fclen Sportif Yetenek Taramas\u0131 ve Spora Y\u00f6nlendirme Program\u0131nda 2024-2025 E\u011fitim \u00d6\u011fretim d\u00f6nemi \u00e7al\u0131\u015fmalar\u0131 Merkezefendi il\u00e7esinde ba\u015flad\u0131. Gen\u00e7lik ve Spor Bakanl\u0131\u011f\u0131 ile&#8230;<\/p>\n","protected":false},"author":1,"featured_media":18639,"comment_status":"open","ping_status":"open","sticky":false,"template":"","format":"standard","meta":{"_crdt_document":"","footnotes":""},"categories":[4],"tags":[],"class_list":["post-18638","post","type-post","status-publish","format-standard","has-post-thumbnail","hentry","category-spor"],"_links":{"self":[{"href":"https:\/\/www.egemtv.com\/index.php?rest_route=\/wp\/v2\/posts\/18638","targetHints":{"allow":["GET"]}}],"collection":[{"href":"https:\/\/www.egemtv.com\/index.php?rest_route=\/wp\/v2\/posts"}],"about":[{"href":"https:\/\/www.egemtv.com\/index.php?rest_route=\/wp\/v2\/types\/post"}],"author":[{"embeddable":true,"href":"https:\/\/www.egemtv.com\/index.php?rest_route=\/wp\/v2\/users\/1"}],"replies":[{"embeddable":true,"href":"https:\/\/www.egemtv.com\/index.php?rest_route=%2Fwp%2Fv2%2Fcomments&post=18638"}],"version-history":[{"count":1,"href":"https:\/\/www.egemtv.com\/index.php?rest_route=\/wp\/v2\/posts\/18638\/revisions"}],"predecessor-version":[{"id":18640,"href":"https:\/\/www.egemtv.com\/index.php?rest_route=\/wp\/v2\/posts\/18638\/revisions\/18640"}],"wp:featuredmedia":[{"embeddable":true,"href":"https:\/\/www.egemtv.com\/index.php?rest_route=\/wp\/v2\/media\/18639"}],"wp:attachment":[{"href":"https:\/\/www.egemtv.com\/index.php?rest_route=%2Fwp%2Fv2%2Fmedia&parent=18638"}],"wp:term":[{"taxonomy":"category","embeddable":true,"href":"https:\/\/www.egemtv.com\/index.php?rest_route=%2Fwp%2Fv2%2Fcategories&post=18638"},{"taxonomy":"post_tag","embeddable":true,"href":"https:\/\/www.egemtv.com\/index.php?rest_route=%2Fwp%2Fv2%2Ftags&post=18638"}],"curies":[{"name":"wp","href":"https:\/\/api.w.org\/{rel}","templated":true}]}}