{"id":18635,"date":"2025-02-13T17:07:34","date_gmt":"2025-02-13T14:07:34","guid":{"rendered":"https:\/\/www.egemtv.com\/?p=18635"},"modified":"2025-02-13T17:07:41","modified_gmt":"2025-02-13T14:07:41","slug":"mentesede-genc-kizlar-basketbol-il-birinciligi-musabakalari-tamamlandi","status":"publish","type":"post","link":"https:\/\/www.egemtv.com\/?p=18635","title":{"rendered":"Mente\u015fe\u2019de gen\u00e7 k\u0131zlar basketbol il birincili\u011fi m\u00fcsabakalar\u0131 tamamland\u0131"},"content":{"rendered":"<p>Mu\u011fla Gen\u00e7lik ve Spor \u0130l M\u00fcd\u00fcrl\u00fc\u011f\u00fc taraf\u0131ndan d\u00fczenlenen 3&#215;3 Gen\u00e7 K\u0131zlar Basketbol \u0130l Birincili\u011fi, Mente\u015fe Spor Salonu\u2019nda oynanan m\u00fcsabakalarla sona erdi.<\/p>\n<p>Gen\u00e7lik ve Spor Bakanl\u0131\u011f\u0131\u2019n\u0131n destekleriyle d\u00fczenlenen organizasyonda, sporun birle\u015ftirici g\u00fcc\u00fc ve tak\u0131m ruhu \u00f6n planda ortaya \u00e7\u0131kt\u0131. &#8220;Okul Sporlar\u0131 ile GSB Hep Yan\u0131n\u0131zda&#8221; slogan\u0131yla ba\u015flayan turnuva k\u0131yas\u0131ya m\u00fccadeleye sahne oldu. turnuvay\u0131 birincilikle bitiren tak\u0131mlar \u00f6d\u00fcllerini al\u0131rken, ba\u015far\u0131l\u0131 sporcular Mu\u011fla\u2019y\u0131 temsil etme hakk\u0131n\u0131 kazand\u0131.<br \/><\/p>\n","protected":false},"excerpt":{"rendered":"<p>Mu\u011fla Gen\u00e7lik ve Spor \u0130l M\u00fcd\u00fcrl\u00fc\u011f\u00fc taraf\u0131ndan d\u00fczenlenen 3&#215;3 Gen\u00e7 K\u0131zlar Basketbol \u0130l Birincili\u011fi, Mente\u015fe Spor Salonu\u2019nda oynanan m\u00fcsabakalarla sona erdi. Gen\u00e7lik ve Spor Bakanl\u0131\u011f\u0131\u2019n\u0131n destekleriyle d\u00fczenlenen organizasyonda, sporun birle\u015ftirici g\u00fcc\u00fc ve tak\u0131m ruhu \u00f6n planda ortaya \u00e7\u0131kt\u0131. &#8220;Okul Sporlar\u0131 ile GSB Hep Yan\u0131n\u0131zda&#8221; slogan\u0131yla ba\u015flayan turnuva k\u0131yas\u0131ya m\u00fccadeleye sahne oldu. turnuvay\u0131 birincilikle bitiren tak\u0131mlar&#8230;<\/p>\n","protected":false},"author":1,"featured_media":18636,"comment_status":"open","ping_status":"open","sticky":false,"template":"","format":"standard","meta":{"_crdt_document":"","footnotes":""},"categories":[4],"tags":[],"class_list":["post-18635","post","type-post","status-publish","format-standard","has-post-thumbnail","hentry","category-spor"],"_links":{"self":[{"href":"https:\/\/www.egemtv.com\/index.php?rest_route=\/wp\/v2\/posts\/18635","targetHints":{"allow":["GET"]}}],"collection":[{"href":"https:\/\/www.egemtv.com\/index.php?rest_route=\/wp\/v2\/posts"}],"about":[{"href":"https:\/\/www.egemtv.com\/index.php?rest_route=\/wp\/v2\/types\/post"}],"author":[{"embeddable":true,"href":"https:\/\/www.egemtv.com\/index.php?rest_route=\/wp\/v2\/users\/1"}],"replies":[{"embeddable":true,"href":"https:\/\/www.egemtv.com\/index.php?rest_route=%2Fwp%2Fv2%2Fcomments&post=18635"}],"version-history":[{"count":1,"href":"https:\/\/www.egemtv.com\/index.php?rest_route=\/wp\/v2\/posts\/18635\/revisions"}],"predecessor-version":[{"id":18637,"href":"https:\/\/www.egemtv.com\/index.php?rest_route=\/wp\/v2\/posts\/18635\/revisions\/18637"}],"wp:featuredmedia":[{"embeddable":true,"href":"https:\/\/www.egemtv.com\/index.php?rest_route=\/wp\/v2\/media\/18636"}],"wp:attachment":[{"href":"https:\/\/www.egemtv.com\/index.php?rest_route=%2Fwp%2Fv2%2Fmedia&parent=18635"}],"wp:term":[{"taxonomy":"category","embeddable":true,"href":"https:\/\/www.egemtv.com\/index.php?rest_route=%2Fwp%2Fv2%2Fcategories&post=18635"},{"taxonomy":"post_tag","embeddable":true,"href":"https:\/\/www.egemtv.com\/index.php?rest_route=%2Fwp%2Fv2%2Ftags&post=18635"}],"curies":[{"name":"wp","href":"https:\/\/api.w.org\/{rel}","templated":true}]}}